{"id":7840,"date":"2021-02-17T21:22:00","date_gmt":"2021-02-17T21:22:00","guid":{"rendered":"https:\/\/www.maiaimpact.org\/bloging-es\/semilla-que-riega-crece\/"},"modified":"2025-01-24T16:17:24","modified_gmt":"2025-01-24T16:17:24","slug":"semilla-que-riega-crece","status":"publish","type":"post","link":"https:\/\/www.maiaimpact.org\/es\/historias\/semilla-que-riega-crece\/","title":{"rendered":"Semilla que riega crece"},"content":{"rendered":"\t\t<div data-elementor-type=\"wp-post\" data-elementor-id=\"7840\" class=\"elementor elementor-7840 elementor-5310\" data-elementor-post-type=\"post\">\n\t\t\t\t<div class=\"elementor-element elementor-element-49d39e9c e-con-full e-flex e-con e-parent\" data-id=\"49d39e9c\" data-element_type=\"container\" data-e-type=\"container\">\n\t\t\t\t<div class=\"elementor-element elementor-element-365454c9 elementor-widget elementor-widget-image\" data-id=\"365454c9\" data-element_type=\"widget\" data-e-type=\"widget\" data-widget_type=\"image.default\">\n\t\t\t\t<div class=\"elementor-widget-container\">\n\t\t\t\t\t\t\t\t\t\t\t\t\t\t\t<img decoding=\"async\" src=\"https:\/\/www.maiaimpact.org\/wp-content\/uploads\/2021\/02\/MG_7930-scaled.jpg\" title=\"Starfish scholar Claudia Marisol poses for a headshot.\" alt=\"Starfish scholar Claudia Marisol poses for a headshot.\" loading=\"lazy\" \/>\t\t\t\t\t\t\t\t\t\t\t\t\t\t\t<\/div>\n\t\t\t\t<\/div>\n\t\t\t\t<\/div>\n\t\t<div class=\"elementor-element elementor-element-7fd6ea57 e-flex e-con-boxed e-con e-parent\" data-id=\"7fd6ea57\" data-element_type=\"container\" data-e-type=\"container\">\n\t\t\t\t\t<div class=\"e-con-inner\">\n\t\t\t\t<div class=\"elementor-element elementor-element-63c88f64 elementor-widget elementor-widget-heading\" data-id=\"63c88f64\" data-element_type=\"widget\" data-e-type=\"widget\" data-widget_type=\"heading.default\">\n\t\t\t\t<div class=\"elementor-widget-container\">\n\t\t\t\t\t<h1 class=\"elementor-heading-title elementor-size-default\">Semilla que riega crece<\/h1>\t\t\t\t<\/div>\n\t\t\t\t<\/div>\n\t\t\t\t<div class=\"elementor-element elementor-element-5aa25a67 elementor-widget elementor-widget-spacer\" data-id=\"5aa25a67\" data-element_type=\"widget\" data-e-type=\"widget\" data-widget_type=\"spacer.default\">\n\t\t\t\t<div class=\"elementor-widget-container\">\n\t\t\t\t\t\t\t<div class=\"elementor-spacer\">\n\t\t\t<div class=\"elementor-spacer-inner\"><\/div>\n\t\t<\/div>\n\t\t\t\t\t\t<\/div>\n\t\t\t\t<\/div>\n\t\t\t\t<div class=\"elementor-element elementor-element-6b353f4e elementor-widget elementor-widget-text-editor\" data-id=\"6b353f4e\" data-element_type=\"widget\" data-e-type=\"widget\" data-widget_type=\"text-editor.default\">\n\t\t\t\t<div class=\"elementor-widget-container\">\n\t\t\t\t\t\t\t\t\t<p><b>La historia de MAIA y las J\u00f3venes Pioneras<\/b><\/p>\n\t\t\t\t\t\t\t\t<\/div>\n\t\t\t\t<\/div>\n\t\t\t\t<div class=\"elementor-element elementor-element-55e12502 elementor-align-center elementor-widget elementor-widget-post-info\" data-id=\"55e12502\" data-element_type=\"widget\" data-e-type=\"widget\" data-widget_type=\"post-info.default\">\n\t\t\t\t<div class=\"elementor-widget-container\">\n\t\t\t\t\t\t\t<ul class=\"elementor-inline-items elementor-icon-list-items elementor-post-info\">\n\t\t\t\t\t\t\t\t<li class=\"elementor-icon-list-item elementor-repeater-item-a496f4b elementor-inline-item\" itemprop=\"datePublished\">\n\t\t\t\t\t\t<a href=\"https:\/\/www.maiaimpact.org\/es\/2021\/02\/17\/\">\n\t\t\t\t\t\t\t\t\t\t\t<span class=\"elementor-icon-list-icon\">\n\t\t\t\t\t\t\t\t<svg aria-hidden=\"true\" class=\"e-font-icon-svg e-fas-calendar\" viewBox=\"0 0 448 512\" xmlns=\"http:\/\/www.w3.org\/2000\/svg\"><path d=\"M12 192h424c6.6 0 12 5.4 12 12v260c0 26.5-21.5 48-48 48H48c-26.5 0-48-21.5-48-48V204c0-6.6 5.4-12 12-12zm436-44v-36c0-26.5-21.5-48-48-48h-48V12c0-6.6-5.4-12-12-12h-40c-6.6 0-12 5.4-12 12v52H160V12c0-6.6-5.4-12-12-12h-40c-6.6 0-12 5.4-12 12v52H48C21.5 64 0 85.5 0 112v36c0 6.6 5.4 12 12 12h424c6.6 0 12-5.4 12-12z\"><\/path><\/svg>\t\t\t\t\t\t\t<\/span>\n\t\t\t\t\t\t\t\t\t<span class=\"elementor-icon-list-text elementor-post-info__item elementor-post-info__item--type-date\">\n\t\t\t\t\t\t\t\t\t\t<time>febrero 17, 2021<\/time>\t\t\t\t\t<\/span>\n\t\t\t\t\t\t\t\t\t<\/a>\n\t\t\t\t<\/li>\n\t\t\t\t<\/ul>\n\t\t\t\t\t\t<\/div>\n\t\t\t\t<\/div>\n\t\t\t\t<div class=\"elementor-element elementor-element-198029fc elementor-widget elementor-widget-spacer\" data-id=\"198029fc\" data-element_type=\"widget\" data-e-type=\"widget\" data-widget_type=\"spacer.default\">\n\t\t\t\t<div class=\"elementor-widget-container\">\n\t\t\t\t\t\t\t<div class=\"elementor-spacer\">\n\t\t\t<div class=\"elementor-spacer-inner\"><\/div>\n\t\t<\/div>\n\t\t\t\t\t\t<\/div>\n\t\t\t\t<\/div>\n\t\t\t\t<div class=\"elementor-element elementor-element-58477446 elementor-widget elementor-widget-text-editor\" data-id=\"58477446\" data-element_type=\"widget\" data-e-type=\"widget\" data-widget_type=\"text-editor.default\">\n\t\t\t\t<div class=\"elementor-widget-container\">\n\t\t\t\t\t\t\t\t\t<p id=\"yui_3_17_2_1_1713820291836_504\" class=\"\">Soy Marisol una joven ind\u00edgena de 17 a\u00f1os originaria de Solol\u00e1 uno de los departamentos de Guatemala. Vivo orgullosamente con una familia trabajadora. En el a\u00f1o 2017 ingres\u00e9 en el Colegio Impacto, empec\u00e9 con todas las iniciativas en participar, explorar y hacer cambios en mi misma y lo que est\u00e1 a mi alrededor. Gracias al acompa\u00f1amiento de MAIA me ense\u00f1aron que todo es posible. Ser una joven pionera es una gran responsabilidad y compromiso. Sin embargo, es una oportunidad en donde yo puedo sembrar mi propia semilla y en un futuro cosechar mi propios frutos. Durante 4 a\u00f1os en el colegio aprend\u00ed so\u00f1ar en grande y que los desaf\u00edos no son mis limitaciones para alcanzar mi sue\u00f1o de ser abogada, poder ser una buena l\u00edder, emprendedora y especialmente en poder ayudar a la gente vulnerable. Los j\u00f3venes de cualquier etnia pueden lograr cualquier cosa, son so\u00f1adores y no importa la edad que tengan. Soy un ejemplo de muchas j\u00f3venes que han sido agentes de cambio.<\/p><p class=\"\">El departamento de Solol\u00e1 ocupa el cuarto lugar del pa\u00eds que sufre la desnutrici\u00f3n cr\u00f3nica. As\u00ed mismo en las \u00e1reas rurales tienen pocas oportunidades especialmente a la poblaci\u00f3n ind\u00edgena en recibir educaci\u00f3n, trabajo, y servicios de salud. Es por ello que tome la iniciativa de apoyarlos y hacer cambios en ellos; en sus h\u00e1bitos alimenticios e implementar Huertos familiares que les ayuda aprovechar sus tierras y fomentar sus conocimientos. Pero en todo esto no estoy sola. Hay organizaciones, j\u00f3venes l\u00edderes, voluntarios que estamos trabajando en diferentes proyectos o problemas pero caminamos en un mismo objetivo en poder ayudar nuestra sociedad.<\/p>\t\t\t\t\t\t\t\t<\/div>\n\t\t\t\t<\/div>\n\t\t\t\t<div class=\"elementor-element elementor-element-54314362 elementor-widget elementor-widget-spacer\" data-id=\"54314362\" data-element_type=\"widget\" data-e-type=\"widget\" data-widget_type=\"spacer.default\">\n\t\t\t\t<div class=\"elementor-widget-container\">\n\t\t\t\t\t\t\t<div class=\"elementor-spacer\">\n\t\t\t<div class=\"elementor-spacer-inner\"><\/div>\n\t\t<\/div>\n\t\t\t\t\t\t<\/div>\n\t\t\t\t<\/div>\n\t\t\t\t<div class=\"elementor-element elementor-element-604b1db5 elementor-widget elementor-widget-spacer\" data-id=\"604b1db5\" data-element_type=\"widget\" data-e-type=\"widget\" data-widget_type=\"spacer.default\">\n\t\t\t\t<div class=\"elementor-widget-container\">\n\t\t\t\t\t\t\t<div class=\"elementor-spacer\">\n\t\t\t<div class=\"elementor-spacer-inner\"><\/div>\n\t\t<\/div>\n\t\t\t\t\t\t<\/div>\n\t\t\t\t<\/div>\n\t\t\t\t<div class=\"elementor-element elementor-element-2f72b3e0 elementor-widget elementor-widget-image\" data-id=\"2f72b3e0\" data-element_type=\"widget\" data-e-type=\"widget\" data-widget_type=\"image.default\">\n\t\t\t\t<div class=\"elementor-widget-container\">\n\t\t\t\t\t\t\t\t\t\t\t\t\t\t\t<img fetchpriority=\"high\" decoding=\"async\" width=\"750\" height=\"563\" src=\"https:\/\/www.maiaimpact.org\/wp-content\/uploads\/2021\/02\/1c6f9c46-3d3c-419d-aea9-0e200f57f7d4.jpg\" class=\"attachment-medium_large size-medium_large wp-image-7844\" alt=\"\" srcset=\"https:\/\/www.maiaimpact.org\/wp-content\/uploads\/2021\/02\/1c6f9c46-3d3c-419d-aea9-0e200f57f7d4.jpg 750w, https:\/\/www.maiaimpact.org\/wp-content\/uploads\/2021\/02\/1c6f9c46-3d3c-419d-aea9-0e200f57f7d4-300x225.jpg 300w\" sizes=\"(max-width: 750px) 100vw, 750px\" \/>\t\t\t\t\t\t\t\t\t\t\t\t\t\t\t<\/div>\n\t\t\t\t<\/div>\n\t\t\t\t<div class=\"elementor-element elementor-element-681130c8 elementor-widget elementor-widget-spacer\" data-id=\"681130c8\" data-element_type=\"widget\" data-e-type=\"widget\" data-widget_type=\"spacer.default\">\n\t\t\t\t<div class=\"elementor-widget-container\">\n\t\t\t\t\t\t\t<div class=\"elementor-spacer\">\n\t\t\t<div class=\"elementor-spacer-inner\"><\/div>\n\t\t<\/div>\n\t\t\t\t\t\t<\/div>\n\t\t\t\t<\/div>\n\t\t\t\t<div class=\"elementor-element elementor-element-4246a5f8 elementor-widget elementor-widget-spacer\" data-id=\"4246a5f8\" data-element_type=\"widget\" data-e-type=\"widget\" data-widget_type=\"spacer.default\">\n\t\t\t\t<div class=\"elementor-widget-container\">\n\t\t\t\t\t\t\t<div class=\"elementor-spacer\">\n\t\t\t<div class=\"elementor-spacer-inner\"><\/div>\n\t\t<\/div>\n\t\t\t\t\t\t<\/div>\n\t\t\t\t<\/div>\n\t\t\t\t<div class=\"elementor-element elementor-element-1dccdba4 elementor-widget elementor-widget-text-editor\" data-id=\"1dccdba4\" data-element_type=\"widget\" data-e-type=\"widget\" data-widget_type=\"text-editor.default\">\n\t\t\t\t<div class=\"elementor-widget-container\">\n\t\t\t\t\t\t\t\t\t<p class=\"\">He participado en diferentes actividades y proyectos uno de ellos es ganar el primer lugar en recibir la capital semilla de <em>Ella Impacta <\/em>2019 en voces vitales Guatemala. En este proyecto conoc\u00ed a j\u00f3venes que me inspiraron y mujeres l\u00edderes que me llenaron de motivaci\u00f3n. Voces vitales es una organizaci\u00f3n que busca a mujeres para impactar las y hacer cambios en su sociedad, ellos organizaron esa competencia en que j\u00f3venes de todo el pa\u00eds presentaron sus proyectos sociales y las ganadoras recibieron el capital semilla para sus proyectos. En este evento, conoc\u00ed a j\u00f3venes que me inspiraron y a l\u00edderes femeninas que me llenaron de motivaci\u00f3n. <\/p>\n<p class=\"\">En mis 17 a\u00f1os fund\u00e9 el proyecto de Huertos familiares en mi comunidad en las \u00e1reas rurales para apoyarlos en tener una vida saludable sin productos qu\u00edmicos. Inicie con 5 madres de mi comunidad d\u00e1ndoles talleres y acompa\u00f1amiento. En el proceso de ejecuci\u00f3n del proyecto fue dif\u00edcil para mi ya que no ten\u00eda conocimiento de c\u00f3mo iniciar un proyecto. Un reto que vive era el pensamiento machista, ya que uno de los padres de familia cre\u00eda que estos trabajos de agricultura los hombres har\u00edan mejor que las mujeres. Sin embargo hubieron personas que me apoyaron, me guiaron y aliados que estuvieron como mi red de apoyo. Gracias a la asociaci\u00f3n <em>Senacri<\/em>, que trabaja con semillas criollas y nativas preservando nuestra historia agr\u00edcola, yo pude dar semillas a las familias.<\/p>\n\t\t\t\t\t\t\t\t<\/div>\n\t\t\t\t<\/div>\n\t\t\t\t<div class=\"elementor-element elementor-element-20479c6 elementor-widget elementor-widget-spacer\" data-id=\"20479c6\" data-element_type=\"widget\" data-e-type=\"widget\" data-widget_type=\"spacer.default\">\n\t\t\t\t<div class=\"elementor-widget-container\">\n\t\t\t\t\t\t\t<div class=\"elementor-spacer\">\n\t\t\t<div class=\"elementor-spacer-inner\"><\/div>\n\t\t<\/div>\n\t\t\t\t\t\t<\/div>\n\t\t\t\t<\/div>\n\t\t\t\t<div class=\"elementor-element elementor-element-2fbe7de6 elementor-widget elementor-widget-spacer\" data-id=\"2fbe7de6\" data-element_type=\"widget\" data-e-type=\"widget\" data-widget_type=\"spacer.default\">\n\t\t\t\t<div class=\"elementor-widget-container\">\n\t\t\t\t\t\t\t<div class=\"elementor-spacer\">\n\t\t\t<div class=\"elementor-spacer-inner\"><\/div>\n\t\t<\/div>\n\t\t\t\t\t\t<\/div>\n\t\t\t\t<\/div>\n\t\t\t\t\t<\/div>\n\t\t\t\t<\/div>\n\t\t<div class=\"elementor-element elementor-element-35295065 e-flex e-con-boxed e-con e-parent\" data-id=\"35295065\" data-element_type=\"container\" data-e-type=\"container\">\n\t\t\t\t\t<div class=\"e-con-inner\">\n\t\t<div class=\"elementor-element elementor-element-63110d15 e-con-full e-flex e-con e-child\" data-id=\"63110d15\" data-element_type=\"container\" data-e-type=\"container\">\n\t\t\t\t<div class=\"elementor-element elementor-element-6fdc03e4 elementor-widget elementor-widget-text-editor\" data-id=\"6fdc03e4\" data-element_type=\"widget\" data-e-type=\"widget\" data-widget_type=\"text-editor.default\">\n\t\t\t\t<div class=\"elementor-widget-container\">\n\t\t\t\t\t\t\t\t\t<p>El d\u00eda de la inauguraci\u00f3n de mi proyecto estuve muy nerviosa y muy contenta porque era mi primera vez en organizar una actividad tan importante. El d\u00eda de la inauguraci\u00f3n fue el 15 de agosto en mi casa, donde asistieron cinco familias y Mayra Choc, educadora del Colegio Impacto. Era un d\u00eda muy caluroso y estuvimos mucho tiempo bajo el sol, en donde yo estaba mostrando un dise\u00f1o de c\u00f3mo ser\u00edan los huertos para las familias. Al finalizar el taller di una peque\u00f1a refacci\u00f3n, herramientas, abono, madera y semillas. Las madres de familia estaban muy felices ya que en mi comunidad no suelen recibir ese tipo de apoyo. Al final del taller estaba muy cansada, pero muy orgullosa. No hab\u00eda ninguna persona profesional liderando la sesi\u00f3n, si no que yo les impart\u00ed el taller y los lider\u00e9; mi familia estuvo a mi lado motiv\u00e1ndome y ayud\u00e1ndome. Tambi\u00e9n me sent\u00ed orgullosa de liderar el taller en Kaqchiquel, mi idioma materno. Las familias beneficiadas acompa\u00f1adas con sus hijos estuvieron muy contentas ya que recibieron todo lo que necesitaban para iniciar sus Huertos. <\/p>\n<p>En cada taller ellas aprenden nuevas cosas un ejemplo ser\u00eda las semillas de amaranto ya que no son comunes en Solol\u00e1. Pero son muy nutritivas, contienen muchas vitaminas, y se puede aprovechar las hojas y semillas. Ellas pudieron cocinar nuevas recetas de amaranto que las ayudaron a llevarlo a la pr\u00e1ctica en sus casa. Adem\u00e1s, recibieron conocimientos sobre c\u00f3mo preparar recetas de biofermento, biofertilizante y la extracci\u00f3n de semillas para sus Huertos. Las madres eran muy innovadoras y curiosas ya que en cada taller hac\u00edan preguntas y participaban. El 13 de marzo apareci\u00f3 el primer caso de COVID-19 en Guatemala; las familias de las \u00e1reas rurales fueron afectadas, as\u00ed como el desempleo, la falta de econom\u00eda, deficiente alimento y el aumento del doble de desnutrici\u00f3n en el pa\u00eds. Es por ello que los Huertos les impact\u00f3 a las familias ya que aprovecharon el terreno de sus hogares para cultivar algunas hierbas y verduras como: el r\u00e1bano, pimientos, cilantros y entre otros.<\/p>\n\t\t\t\t\t\t\t\t<\/div>\n\t\t\t\t<\/div>\n\t\t\t\t<\/div>\n\t\t<div class=\"elementor-element elementor-element-4043f0cf e-con-full e-flex e-con e-child\" data-id=\"4043f0cf\" data-element_type=\"container\" data-e-type=\"container\">\n\t\t\t\t<div class=\"elementor-element elementor-element-58694d02 elementor-widget elementor-widget-image\" data-id=\"58694d02\" data-element_type=\"widget\" data-e-type=\"widget\" data-widget_type=\"image.default\">\n\t\t\t\t<div class=\"elementor-widget-container\">\n\t\t\t\t\t\t\t\t\t\t\t\t\t\t\t<img decoding=\"async\" width=\"680\" height=\"799\" src=\"https:\/\/www.maiaimpact.org\/wp-content\/uploads\/2024\/04\/3.png\" class=\"attachment-full size-full wp-image-5305\" alt=\"\" srcset=\"https:\/\/www.maiaimpact.org\/wp-content\/uploads\/2024\/04\/3.png 680w, https:\/\/www.maiaimpact.org\/wp-content\/uploads\/2024\/04\/3-255x300.png 255w\" sizes=\"(max-width: 680px) 100vw, 680px\" \/>\t\t\t\t\t\t\t\t\t\t\t\t\t\t\t<\/div>\n\t\t\t\t<\/div>\n\t\t\t\t<\/div>\n\t\t\t\t\t<\/div>\n\t\t\t\t<\/div>\n\t\t<div class=\"elementor-element elementor-element-36fda552 e-flex e-con-boxed e-con e-parent\" data-id=\"36fda552\" data-element_type=\"container\" data-e-type=\"container\">\n\t\t\t\t\t<div class=\"e-con-inner\">\n\t\t\t\t<div class=\"elementor-element elementor-element-5e5f4aa elementor-widget elementor-widget-spacer\" data-id=\"5e5f4aa\" data-element_type=\"widget\" data-e-type=\"widget\" data-widget_type=\"spacer.default\">\n\t\t\t\t<div class=\"elementor-widget-container\">\n\t\t\t\t\t\t\t<div class=\"elementor-spacer\">\n\t\t\t<div class=\"elementor-spacer-inner\"><\/div>\n\t\t<\/div>\n\t\t\t\t\t\t<\/div>\n\t\t\t\t<\/div>\n\t\t\t\t<div class=\"elementor-element elementor-element-86dd25a elementor-widget elementor-widget-image\" data-id=\"86dd25a\" data-element_type=\"widget\" data-e-type=\"widget\" data-widget_type=\"image.default\">\n\t\t\t\t<div class=\"elementor-widget-container\">\n\t\t\t\t\t\t\t\t\t\t\t\t\t\t\t<img decoding=\"async\" width=\"800\" height=\"450\" src=\"https:\/\/www.maiaimpact.org\/wp-content\/uploads\/2024\/04\/4-4-1024x576.jpeg\" class=\"attachment-large size-large wp-image-5303\" alt=\"\" srcset=\"https:\/\/www.maiaimpact.org\/wp-content\/uploads\/2024\/04\/4-4-1024x576.jpeg 1024w, https:\/\/www.maiaimpact.org\/wp-content\/uploads\/2024\/04\/4-4-300x169.jpeg 300w, https:\/\/www.maiaimpact.org\/wp-content\/uploads\/2024\/04\/4-4-768x432.jpeg 768w, https:\/\/www.maiaimpact.org\/wp-content\/uploads\/2024\/04\/4-4.jpeg 1280w\" sizes=\"(max-width: 800px) 100vw, 800px\" \/>\t\t\t\t\t\t\t\t\t\t\t\t\t\t\t<\/div>\n\t\t\t\t<\/div>\n\t\t\t\t<div class=\"elementor-element elementor-element-661471ae elementor-widget elementor-widget-text-editor\" data-id=\"661471ae\" data-element_type=\"widget\" data-e-type=\"widget\" data-widget_type=\"text-editor.default\">\n\t\t\t\t<div class=\"elementor-widget-container\">\n\t\t\t\t\t\t\t\t\t<p class=\"\">Yo era una persona muy t\u00edmida, me daba verg\u00fcenza hablar en p\u00fablico. Sin embargo, el proyecto me ayud\u00f3 a salir de mi mundo; explorar nuevas cosas, interactuar con la gente, y fomentar mi independencia. Pensaba que la edad que yo ten\u00eda era mi obst\u00e1culo, pensaba que yo no pod\u00eda llevar el proyecto ya que llevaba tanta responsabilidad. Sin embargo, hab\u00eda personas que estaban a mi lado apoy\u00e1ndome y anim\u00e1ndome. As\u00ed mismo practique la resiliencia, el trabajo en equipo y la excelencia. El proyecto me ense\u00f1\u00f3 a enfrentar mis miedos y yo como una joven soy capaz de lograr m\u00e1s y que mi edad no es mi limitante de ser un l\u00edder en la comunidad.<\/p>\n<p class=\"\">Mi meta para el futuro es expandir mi proyecto con otras comunidades en mi municipio de Solol\u00e1, brindarles oportunidades a las familias y que puedan fomentar nuevas habilidades, conocimientos y emprendeurismo, para que les beneficien a su familia y hacer un cambio en ellos. Ser un joven es la semilla que uno siembra, no es f\u00e1cil que salga. Pero, con un poco de esfuerzo y oportunidad crece y florece hasta llegar muy lejos. Los j\u00f3venes tenemos el potencial de ser agentes de cambio y crear un ambiente sostenible. \u00bfC\u00f3mo lo hacemos? Unirnos como equipo, sin importar la etnia as\u00ed como ind\u00edgena Xinca o Gar\u00edfuna podemos inspirar a otros j\u00f3venes e inspirarnos a nosotras mismas. La semilla que sembramos, la tierra que lo sostuvo, el sol que ilumin\u00f3 crece nuestras cosechas, son los frutos de nuestros esfuerzos y las que creyeron en nosotros.<\/p>\n\t\t\t\t\t\t\t\t<\/div>\n\t\t\t\t<\/div>\n\t\t\t\t<div class=\"elementor-element elementor-element-6add2130 elementor-widget elementor-widget-text-editor\" data-id=\"6add2130\" data-element_type=\"widget\" data-e-type=\"widget\" data-widget_type=\"text-editor.default\">\n\t\t\t\t<div class=\"elementor-widget-container\">\n\t\t\t\t\t\t\t\t\tPara conocer m\u00e1s al proyecto de Marisol, s\u00edguela en Instagram <strong><span style=\"color: #e7004c; text-decoration: underline;\"><a style=\"color: #e7004c; text-decoration: underline;\" href=\"https:\/\/www.instagram.com\/proyectodehuertosfamiliares\/\" target=\"_blank\" rel=\"noopener\">@proyectodehuertosfamiliares<\/a><\/span><\/strong>\n\nArt\u00edculo escrito por: Marisol, Joven Pionera de Cuarto Bachillerato.\t\t\t\t\t\t\t\t<\/div>\n\t\t\t\t<\/div>\n\t\t\t\t<div class=\"elementor-element elementor-element-7d0d697a elementor-widget elementor-widget-heading\" data-id=\"7d0d697a\" data-element_type=\"widget\" data-e-type=\"widget\" data-widget_type=\"heading.default\">\n\t\t\t\t<div class=\"elementor-widget-container\">\n\t\t\t\t\t<h2 class=\"elementor-heading-title elementor-size-large\">\u00a1Mujer Empoderada, Un Impacto Infinito!<\/h2>\t\t\t\t<\/div>\n\t\t\t\t<\/div>\n\t\t\t\t<div class=\"elementor-element elementor-element-2790ddfb elementor-widget elementor-widget-spacer\" data-id=\"2790ddfb\" data-element_type=\"widget\" data-e-type=\"widget\" data-widget_type=\"spacer.default\">\n\t\t\t\t<div class=\"elementor-widget-container\">\n\t\t\t\t\t\t\t<div class=\"elementor-spacer\">\n\t\t\t<div class=\"elementor-spacer-inner\"><\/div>\n\t\t<\/div>\n\t\t\t\t\t\t<\/div>\n\t\t\t\t<\/div>\n\t\t\t\t<div class=\"elementor-element elementor-element-c75b8fd elementor-widget elementor-widget-spacer\" data-id=\"c75b8fd\" data-element_type=\"widget\" data-e-type=\"widget\" data-widget_type=\"spacer.default\">\n\t\t\t\t<div class=\"elementor-widget-container\">\n\t\t\t\t\t\t\t<div class=\"elementor-spacer\">\n\t\t\t<div class=\"elementor-spacer-inner\"><\/div>\n\t\t<\/div>\n\t\t\t\t\t\t<\/div>\n\t\t\t\t<\/div>\n\t\t\t\t\t<\/div>\n\t\t\t\t<\/div>\n\t\t<div class=\"elementor-element elementor-element-6c3913c0 e-flex e-con-boxed e-con e-parent\" data-id=\"6c3913c0\" data-element_type=\"container\" data-e-type=\"container\">\n\t\t\t\t\t<div class=\"e-con-inner\">\n\t\t\t\t<div class=\"elementor-element elementor-element-d2778be elementor-grid-3 elementor-grid-tablet-2 elementor-grid-mobile-1 elementor-posts--thumbnail-top elementor-card-shadow-yes elementor-posts__hover-gradient elementor-widget elementor-widget-posts\" data-id=\"d2778be\" data-element_type=\"widget\" data-e-type=\"widget\" data-settings=\"{&quot;cards_columns&quot;:&quot;3&quot;,&quot;cards_columns_tablet&quot;:&quot;2&quot;,&quot;cards_columns_mobile&quot;:&quot;1&quot;,&quot;cards_row_gap&quot;:{&quot;unit&quot;:&quot;px&quot;,&quot;size&quot;:35,&quot;sizes&quot;:[]},&quot;cards_row_gap_tablet&quot;:{&quot;unit&quot;:&quot;px&quot;,&quot;size&quot;:&quot;&quot;,&quot;sizes&quot;:[]},&quot;cards_row_gap_mobile&quot;:{&quot;unit&quot;:&quot;px&quot;,&quot;size&quot;:&quot;&quot;,&quot;sizes&quot;:[]}}\" data-widget_type=\"posts.cards\">\n\t\t\t\t<div class=\"elementor-widget-container\">\n\t\t\t\t\t\t\t<div class=\"elementor-posts-container elementor-posts elementor-posts--skin-cards elementor-grid\" role=\"list\">\n\t\t\t\t<article class=\"elementor-post elementor-grid-item post-9725 post type-post status-publish format-standard has-post-thumbnail hentry category-bloging-es tag-educacion tag-educadoras tag-empoderamiento-de-las-mujeres tag-liderazgo-local tag-maia-es tag-programa-de-pasantias\" role=\"listitem\">\n\t\t\t<div class=\"elementor-post__card\">\n\t\t\t\t<a class=\"elementor-post__thumbnail__link\" href=\"https:\/\/www.maiaimpact.org\/es\/bloging-es\/se-parte-de-nuestro-programa-de-pasantias\/\" tabindex=\"-1\" ><div class=\"elementor-post__thumbnail\"><img loading=\"lazy\" decoding=\"async\" width=\"300\" height=\"166\" src=\"https:\/\/www.maiaimpact.org\/wp-content\/uploads\/2026\/03\/en_1.1-e1774458426764-300x166.jpeg\" class=\"attachment-medium size-medium wp-image-9741\" alt=\"\" srcset=\"https:\/\/www.maiaimpact.org\/wp-content\/uploads\/2026\/03\/en_1.1-e1774458426764-300x166.jpeg 300w, https:\/\/www.maiaimpact.org\/wp-content\/uploads\/2026\/03\/en_1.1-e1774458426764-1024x566.jpeg 1024w, https:\/\/www.maiaimpact.org\/wp-content\/uploads\/2026\/03\/en_1.1-e1774458426764-768x425.jpeg 768w, https:\/\/www.maiaimpact.org\/wp-content\/uploads\/2026\/03\/en_1.1-e1774458426764-1536x850.jpeg 1536w, https:\/\/www.maiaimpact.org\/wp-content\/uploads\/2026\/03\/en_1.1-e1774458426764.jpeg 1600w\" sizes=\"(max-width: 300px) 100vw, 300px\" \/><\/div><\/a>\n\t\t\t\t<div class=\"elementor-post__text\">\n\t\t\t\t<h3 class=\"elementor-post__title\">\n\t\t\t<a href=\"https:\/\/www.maiaimpact.org\/es\/bloging-es\/se-parte-de-nuestro-programa-de-pasantias\/\" >\n\t\t\t\t\u00a1Se parte de nuestro Programa de Pasant\u00edas!\t\t\t<\/a>\n\t\t<\/h3>\n\t\t\t\t<div class=\"elementor-post__excerpt\">\n\t\t\t<p>Buscamos mujeres Ind\u00edgenas y hombres que deseen desarrollarse profesionalmente dentro del \u00e1mbito educativo. <\/p>\t\t<\/div>\n\t\t\n\t\t<a class=\"elementor-post__read-more\" href=\"https:\/\/www.maiaimpact.org\/es\/bloging-es\/se-parte-de-nuestro-programa-de-pasantias\/\" aria-label=\"M\u00e1s informaci\u00f3n sobre \u00a1Se parte de nuestro Programa de Pasant\u00edas!\" tabindex=\"-1\" >\n\t\t\tLeer M\u00e1s\u00bb\t\t<\/a>\n\n\t\t\t\t<\/div>\n\t\t\t\t<div class=\"elementor-post__meta-data\">\n\t\t\t\t\t<span class=\"elementor-post-date\">\n\t\t\t18 de marzo de 2026\t\t<\/span>\n\t\t\t\t<\/div>\n\t\t\t\t\t<\/div>\n\t\t<\/article>\n\t\t\t\t<article class=\"elementor-post elementor-grid-item post-9711 post type-post status-publish format-standard has-post-thumbnail hentry category-bloging-es tag-8-de-marzo-es tag-8-de-marzo-es-2 tag-derechos-de-la-mujer-es tag-derechos-de-las-mujeres-y-ninas tag-dia-internacional-de-la-mujer-es-2 tag-dia-internacional-de-la-mujer-es tag-educacion-para-mujeres-es tag-empoderadas-para-empoderar tag-empoderamiento-de-las-mujeres tag-female-leadership tag-indigenous-girls tag-jovenes-pioneras tag-maia-es\" role=\"listitem\">\n\t\t\t<div class=\"elementor-post__card\">\n\t\t\t\t<a class=\"elementor-post__thumbnail__link\" href=\"https:\/\/www.maiaimpact.org\/es\/bloging-es\/5-acciones-por-y-para-mujeres-indigenas\/\" tabindex=\"-1\" ><div class=\"elementor-post__thumbnail\"><img loading=\"lazy\" decoding=\"async\" width=\"300\" height=\"200\" src=\"https:\/\/www.maiaimpact.org\/wp-content\/uploads\/2026\/03\/IMG_1415-300x200.jpg\" class=\"attachment-medium size-medium wp-image-9680\" alt=\"\" srcset=\"https:\/\/www.maiaimpact.org\/wp-content\/uploads\/2026\/03\/IMG_1415-300x200.jpg 300w, https:\/\/www.maiaimpact.org\/wp-content\/uploads\/2026\/03\/IMG_1415-1024x683.jpg 1024w, https:\/\/www.maiaimpact.org\/wp-content\/uploads\/2026\/03\/IMG_1415-768x512.jpg 768w, https:\/\/www.maiaimpact.org\/wp-content\/uploads\/2026\/03\/IMG_1415-1536x1024.jpg 1536w, https:\/\/www.maiaimpact.org\/wp-content\/uploads\/2026\/03\/IMG_1415.jpg 2048w\" sizes=\"(max-width: 300px) 100vw, 300px\" \/><\/div><\/a>\n\t\t\t\t<div class=\"elementor-post__text\">\n\t\t\t\t<h3 class=\"elementor-post__title\">\n\t\t\t<a href=\"https:\/\/www.maiaimpact.org\/es\/bloging-es\/5-acciones-por-y-para-mujeres-indigenas\/\" >\n\t\t\t\t5 acciones por y para mujeres Ind\u00edgenas\t\t\t<\/a>\n\t\t<\/h3>\n\t\t\t\t<div class=\"elementor-post__excerpt\">\n\t\t\t<p>D\u00eda Internacional de la Mujer Garantizando el acceso a nuestros derechos y transformando nuestro futuro.<\/p>\t\t<\/div>\n\t\t\n\t\t<a class=\"elementor-post__read-more\" href=\"https:\/\/www.maiaimpact.org\/es\/bloging-es\/5-acciones-por-y-para-mujeres-indigenas\/\" aria-label=\"M\u00e1s informaci\u00f3n sobre 5 acciones por y para mujeres Ind\u00edgenas\" tabindex=\"-1\" >\n\t\t\tLeer M\u00e1s\u00bb\t\t<\/a>\n\n\t\t\t\t<\/div>\n\t\t\t\t<div class=\"elementor-post__meta-data\">\n\t\t\t\t\t<span class=\"elementor-post-date\">\n\t\t\t5 de marzo de 2026\t\t<\/span>\n\t\t\t\t<\/div>\n\t\t\t\t\t<\/div>\n\t\t<\/article>\n\t\t\t\t<article class=\"elementor-post elementor-grid-item post-9600 post type-post status-publish format-standard has-post-thumbnail hentry category-bloging-es tag-dia-internacional-de-las-ninas-y-mujeres-en-las-ciencias tag-educacion-centrada-en-las-jovenes tag-empoderamiento-de-las-mujeres tag-jovenes-pioneras tag-maia-es tag-ninas-en-la-ciencia tag-steam-es tag-stem-es\" role=\"listitem\">\n\t\t\t<div class=\"elementor-post__card\">\n\t\t\t\t<a class=\"elementor-post__thumbnail__link\" href=\"https:\/\/www.maiaimpact.org\/es\/bloging-es\/la-ciencia-como-motor-de-transformacion\/\" tabindex=\"-1\" ><div class=\"elementor-post__thumbnail\"><img loading=\"lazy\" decoding=\"async\" width=\"1\" height=\"1\" src=\"https:\/\/www.maiaimpact.org\/wp-content\/uploads\/2026\/02\/DSC02023-2-scaled-e1770676971607.jpg\" class=\"attachment-medium size-medium wp-image-9571\" alt=\"\" \/><\/div><\/a>\n\t\t\t\t<div class=\"elementor-post__text\">\n\t\t\t\t<h3 class=\"elementor-post__title\">\n\t\t\t<a href=\"https:\/\/www.maiaimpact.org\/es\/bloging-es\/la-ciencia-como-motor-de-transformacion\/\" >\n\t\t\t\tLa ciencia como motor de transformaci\u00f3n\t\t\t<\/a>\n\t\t<\/h3>\n\t\t\t\t<div class=\"elementor-post__excerpt\">\n\t\t\t<p>La ciencia como motor de transformaci\u00f3n C\u00f3mo las matem\u00e1ticas, la l\u00f3gica, tecnolog\u00eda y las ciencias abren nuevas posibilidades para las J\u00f3venes Pioneras En MAIA creemos que el aprendizaje va m\u00e1s<\/p>\n\t\t<\/div>\n\t\t\n\t\t<a class=\"elementor-post__read-more\" href=\"https:\/\/www.maiaimpact.org\/es\/bloging-es\/la-ciencia-como-motor-de-transformacion\/\" aria-label=\"M\u00e1s informaci\u00f3n sobre La ciencia como motor de transformaci\u00f3n\" tabindex=\"-1\" >\n\t\t\tLeer M\u00e1s\u00bb\t\t<\/a>\n\n\t\t\t\t<\/div>\n\t\t\t\t<div class=\"elementor-post__meta-data\">\n\t\t\t\t\t<span class=\"elementor-post-date\">\n\t\t\t9 de febrero de 2026\t\t<\/span>\n\t\t\t\t<\/div>\n\t\t\t\t\t<\/div>\n\t\t<\/article>\n\t\t\t\t<\/div>\n\t\t\n\t\t\t\t\t\t<\/div>\n\t\t\t\t<\/div>\n\t\t\t\t\t<\/div>\n\t\t\t\t<\/div>\n\t\t\t\t<\/div>\n\t\t","protected":false},"excerpt":{"rendered":"<p>Soy Marisol una joven ind\u00edgena de 17 a\u00f1os originaria de Solol\u00e1 uno de los departamentos de Guatemala. Vivo orgullosamente con una familia noble y trabajadores.<\/p>\n","protected":false},"author":1,"featured_media":8131,"comment_status":"closed","ping_status":"closed","sticky":false,"template":"elementor_header_footer","format":"standard","meta":{"footnotes":""},"categories":[24],"tags":[58,68,61,84,81,54],"class_list":["post-7840","post","type-post","status-publish","format-standard","has-post-thumbnail","hentry","category-stories","tag-derechos-de-las-mujeres-y-ninas","tag-educacion","tag-empoderadas-para-empoderar","tag-empoderamiento-de-mujeres","tag-jovenes-indigenas","tag-maia-es"],"yoast_head":"<!-- This site is optimized with the Yoast SEO plugin v27.4 - https:\/\/yoast.com\/product\/yoast-seo-wordpress\/ -->\n<title>Semilla que riega crece - MAIA<\/title>\n<meta name=\"robots\" content=\"index, follow, max-snippet:-1, max-image-preview:large, max-video-preview:-1\" \/>\n<link rel=\"canonical\" href=\"https:\/\/www.maiaimpact.org\/es\/historias\/semilla-que-riega-crece\/\" \/>\n<meta property=\"og:locale\" content=\"es_ES\" \/>\n<meta property=\"og:type\" content=\"article\" \/>\n<meta property=\"og:title\" content=\"Semilla que riega crece - MAIA\" \/>\n<meta property=\"og:description\" content=\"Soy Marisol una joven ind\u00edgena de 17 a\u00f1os originaria de Solol\u00e1 uno de los departamentos de Guatemala. Vivo orgullosamente con una familia noble y trabajadores.\" \/>\n<meta property=\"og:url\" content=\"https:\/\/www.maiaimpact.org\/es\/historias\/semilla-que-riega-crece\/\" \/>\n<meta property=\"og:site_name\" content=\"MAIA\" \/>\n<meta property=\"article:publisher\" content=\"https:\/\/www.facebook.com\/maiaimpact\" \/>\n<meta property=\"article:published_time\" content=\"2021-02-17T21:22:00+00:00\" \/>\n<meta property=\"article:modified_time\" content=\"2025-01-24T16:17:24+00:00\" \/>\n<meta property=\"og:image\" content=\"https:\/\/www.maiaimpact.org\/wp-content\/uploads\/2021\/02\/MG_7930-scaled.jpg\" \/>\n\t<meta property=\"og:image:width\" content=\"2560\" \/>\n\t<meta property=\"og:image:height\" content=\"1707\" \/>\n\t<meta property=\"og:image:type\" content=\"image\/jpeg\" \/>\n<meta name=\"author\" content=\"web-maiaadmin\" \/>\n<meta name=\"twitter:card\" content=\"summary_large_image\" \/>\n<meta name=\"twitter:label1\" content=\"Escrito por\" \/>\n\t<meta name=\"twitter:data1\" content=\"web-maiaadmin\" \/>\n<script type=\"application\/ld+json\" class=\"yoast-schema-graph\">{\"@context\":\"https:\\\/\\\/schema.org\",\"@graph\":[{\"@type\":\"Article\",\"@id\":\"https:\\\/\\\/www.maiaimpact.org\\\/es\\\/historias\\\/semilla-que-riega-crece\\\/#article\",\"isPartOf\":{\"@id\":\"https:\\\/\\\/www.maiaimpact.org\\\/es\\\/historias\\\/semilla-que-riega-crece\\\/\"},\"author\":{\"name\":\"web-maiaadmin\",\"@id\":\"https:\\\/\\\/www.maiaimpact.org\\\/es\\\/#\\\/schema\\\/person\\\/2da10f84ea303f9b067e44ed6d9ac16e\"},\"headline\":\"Semilla que riega crece\",\"datePublished\":\"2021-02-17T21:22:00+00:00\",\"dateModified\":\"2025-01-24T16:17:24+00:00\",\"mainEntityOfPage\":{\"@id\":\"https:\\\/\\\/www.maiaimpact.org\\\/es\\\/historias\\\/semilla-que-riega-crece\\\/\"},\"wordCount\":1216,\"publisher\":{\"@id\":\"https:\\\/\\\/www.maiaimpact.org\\\/es\\\/#organization\"},\"image\":{\"@id\":\"https:\\\/\\\/www.maiaimpact.org\\\/es\\\/historias\\\/semilla-que-riega-crece\\\/#primaryimage\"},\"thumbnailUrl\":\"https:\\\/\\\/www.maiaimpact.org\\\/wp-content\\\/uploads\\\/2021\\\/02\\\/MG_7930-scaled.jpg\",\"keywords\":[\"derechos de las mujeres y ni\u00f1as\",\"educaci\u00f3n\",\"empoderadas para empoderar\",\"empoderamiento de mujeres\",\"J\u00f3venes Ind\u00edgenas\",\"MAIA\"],\"articleSection\":[\"Stories\"],\"inLanguage\":\"es\"},{\"@type\":\"WebPage\",\"@id\":\"https:\\\/\\\/www.maiaimpact.org\\\/es\\\/historias\\\/semilla-que-riega-crece\\\/\",\"url\":\"https:\\\/\\\/www.maiaimpact.org\\\/es\\\/historias\\\/semilla-que-riega-crece\\\/\",\"name\":\"Semilla que riega crece - MAIA\",\"isPartOf\":{\"@id\":\"https:\\\/\\\/www.maiaimpact.org\\\/es\\\/#website\"},\"primaryImageOfPage\":{\"@id\":\"https:\\\/\\\/www.maiaimpact.org\\\/es\\\/historias\\\/semilla-que-riega-crece\\\/#primaryimage\"},\"image\":{\"@id\":\"https:\\\/\\\/www.maiaimpact.org\\\/es\\\/historias\\\/semilla-que-riega-crece\\\/#primaryimage\"},\"thumbnailUrl\":\"https:\\\/\\\/www.maiaimpact.org\\\/wp-content\\\/uploads\\\/2021\\\/02\\\/MG_7930-scaled.jpg\",\"datePublished\":\"2021-02-17T21:22:00+00:00\",\"dateModified\":\"2025-01-24T16:17:24+00:00\",\"inLanguage\":\"es\",\"potentialAction\":[{\"@type\":\"ReadAction\",\"target\":[\"https:\\\/\\\/www.maiaimpact.org\\\/es\\\/historias\\\/semilla-que-riega-crece\\\/\"]}]},{\"@type\":\"ImageObject\",\"inLanguage\":\"es\",\"@id\":\"https:\\\/\\\/www.maiaimpact.org\\\/es\\\/historias\\\/semilla-que-riega-crece\\\/#primaryimage\",\"url\":\"https:\\\/\\\/www.maiaimpact.org\\\/wp-content\\\/uploads\\\/2021\\\/02\\\/MG_7930-scaled.jpg\",\"contentUrl\":\"https:\\\/\\\/www.maiaimpact.org\\\/wp-content\\\/uploads\\\/2021\\\/02\\\/MG_7930-scaled.jpg\",\"width\":2560,\"height\":1707,\"caption\":\"Starfish scholar Claudia Marisol poses for a headshot.\"},{\"@type\":\"WebSite\",\"@id\":\"https:\\\/\\\/www.maiaimpact.org\\\/es\\\/#website\",\"url\":\"https:\\\/\\\/www.maiaimpact.org\\\/es\\\/\",\"name\":\"MAIA\",\"description\":\"MAIA is a nonprofit organization empowering Indigenous girls in Guatemala through education, leadership, and community development programs.\",\"publisher\":{\"@id\":\"https:\\\/\\\/www.maiaimpact.org\\\/es\\\/#organization\"},\"potentialAction\":[{\"@type\":\"SearchAction\",\"target\":{\"@type\":\"EntryPoint\",\"urlTemplate\":\"https:\\\/\\\/www.maiaimpact.org\\\/es\\\/?s={search_term_string}\"},\"query-input\":{\"@type\":\"PropertyValueSpecification\",\"valueRequired\":true,\"valueName\":\"search_term_string\"}}],\"inLanguage\":\"es\"},{\"@type\":\"Organization\",\"@id\":\"https:\\\/\\\/www.maiaimpact.org\\\/es\\\/#organization\",\"name\":\"MAIA\",\"url\":\"https:\\\/\\\/www.maiaimpact.org\\\/es\\\/\",\"logo\":{\"@type\":\"ImageObject\",\"inLanguage\":\"es\",\"@id\":\"https:\\\/\\\/www.maiaimpact.org\\\/es\\\/#\\\/schema\\\/logo\\\/image\\\/\",\"url\":\"https:\\\/\\\/www.maiaimpact.org\\\/wp-content\\\/uploads\\\/2023\\\/10\\\/maia-logo.png\",\"contentUrl\":\"https:\\\/\\\/www.maiaimpact.org\\\/wp-content\\\/uploads\\\/2023\\\/10\\\/maia-logo.png\",\"width\":128,\"height\":45,\"caption\":\"MAIA\"},\"image\":{\"@id\":\"https:\\\/\\\/www.maiaimpact.org\\\/es\\\/#\\\/schema\\\/logo\\\/image\\\/\"},\"sameAs\":[\"https:\\\/\\\/www.facebook.com\\\/maiaimpact\",\"https:\\\/\\\/www.instagram.com\\\/maia_impact\\\/\",\"https:\\\/\\\/www.youtube.com\\\/@maiaimpact\",\"https:\\\/\\\/www.linkedin.com\\\/company\\\/maiaimpact\\\/\"]},{\"@type\":\"Person\",\"@id\":\"https:\\\/\\\/www.maiaimpact.org\\\/es\\\/#\\\/schema\\\/person\\\/2da10f84ea303f9b067e44ed6d9ac16e\",\"name\":\"web-maiaadmin\",\"sameAs\":[\"https:\\\/\\\/www.maiaimpact.org\"],\"url\":\"https:\\\/\\\/www.maiaimpact.org\\\/es\\\/author\\\/web-maiaadmin\\\/\"}]}<\/script>\n<!-- \/ Yoast SEO plugin. -->","yoast_head_json":{"title":"Semilla que riega crece - MAIA","robots":{"index":"index","follow":"follow","max-snippet":"max-snippet:-1","max-image-preview":"max-image-preview:large","max-video-preview":"max-video-preview:-1"},"canonical":"https:\/\/www.maiaimpact.org\/es\/historias\/semilla-que-riega-crece\/","og_locale":"es_ES","og_type":"article","og_title":"Semilla que riega crece - MAIA","og_description":"Soy Marisol una joven ind\u00edgena de 17 a\u00f1os originaria de Solol\u00e1 uno de los departamentos de Guatemala. Vivo orgullosamente con una familia noble y trabajadores.","og_url":"https:\/\/www.maiaimpact.org\/es\/historias\/semilla-que-riega-crece\/","og_site_name":"MAIA","article_publisher":"https:\/\/www.facebook.com\/maiaimpact","article_published_time":"2021-02-17T21:22:00+00:00","article_modified_time":"2025-01-24T16:17:24+00:00","og_image":[{"width":2560,"height":1707,"url":"https:\/\/www.maiaimpact.org\/wp-content\/uploads\/2021\/02\/MG_7930-scaled.jpg","type":"image\/jpeg"}],"author":"web-maiaadmin","twitter_card":"summary_large_image","twitter_misc":{"Escrito por":"web-maiaadmin"},"schema":{"@context":"https:\/\/schema.org","@graph":[{"@type":"Article","@id":"https:\/\/www.maiaimpact.org\/es\/historias\/semilla-que-riega-crece\/#article","isPartOf":{"@id":"https:\/\/www.maiaimpact.org\/es\/historias\/semilla-que-riega-crece\/"},"author":{"name":"web-maiaadmin","@id":"https:\/\/www.maiaimpact.org\/es\/#\/schema\/person\/2da10f84ea303f9b067e44ed6d9ac16e"},"headline":"Semilla que riega crece","datePublished":"2021-02-17T21:22:00+00:00","dateModified":"2025-01-24T16:17:24+00:00","mainEntityOfPage":{"@id":"https:\/\/www.maiaimpact.org\/es\/historias\/semilla-que-riega-crece\/"},"wordCount":1216,"publisher":{"@id":"https:\/\/www.maiaimpact.org\/es\/#organization"},"image":{"@id":"https:\/\/www.maiaimpact.org\/es\/historias\/semilla-que-riega-crece\/#primaryimage"},"thumbnailUrl":"https:\/\/www.maiaimpact.org\/wp-content\/uploads\/2021\/02\/MG_7930-scaled.jpg","keywords":["derechos de las mujeres y ni\u00f1as","educaci\u00f3n","empoderadas para empoderar","empoderamiento de mujeres","J\u00f3venes Ind\u00edgenas","MAIA"],"articleSection":["Stories"],"inLanguage":"es"},{"@type":"WebPage","@id":"https:\/\/www.maiaimpact.org\/es\/historias\/semilla-que-riega-crece\/","url":"https:\/\/www.maiaimpact.org\/es\/historias\/semilla-que-riega-crece\/","name":"Semilla que riega crece - MAIA","isPartOf":{"@id":"https:\/\/www.maiaimpact.org\/es\/#website"},"primaryImageOfPage":{"@id":"https:\/\/www.maiaimpact.org\/es\/historias\/semilla-que-riega-crece\/#primaryimage"},"image":{"@id":"https:\/\/www.maiaimpact.org\/es\/historias\/semilla-que-riega-crece\/#primaryimage"},"thumbnailUrl":"https:\/\/www.maiaimpact.org\/wp-content\/uploads\/2021\/02\/MG_7930-scaled.jpg","datePublished":"2021-02-17T21:22:00+00:00","dateModified":"2025-01-24T16:17:24+00:00","inLanguage":"es","potentialAction":[{"@type":"ReadAction","target":["https:\/\/www.maiaimpact.org\/es\/historias\/semilla-que-riega-crece\/"]}]},{"@type":"ImageObject","inLanguage":"es","@id":"https:\/\/www.maiaimpact.org\/es\/historias\/semilla-que-riega-crece\/#primaryimage","url":"https:\/\/www.maiaimpact.org\/wp-content\/uploads\/2021\/02\/MG_7930-scaled.jpg","contentUrl":"https:\/\/www.maiaimpact.org\/wp-content\/uploads\/2021\/02\/MG_7930-scaled.jpg","width":2560,"height":1707,"caption":"Starfish scholar Claudia Marisol poses for a headshot."},{"@type":"WebSite","@id":"https:\/\/www.maiaimpact.org\/es\/#website","url":"https:\/\/www.maiaimpact.org\/es\/","name":"MAIA","description":"MAIA is a nonprofit organization empowering Indigenous girls in Guatemala through education, leadership, and community development programs.","publisher":{"@id":"https:\/\/www.maiaimpact.org\/es\/#organization"},"potentialAction":[{"@type":"SearchAction","target":{"@type":"EntryPoint","urlTemplate":"https:\/\/www.maiaimpact.org\/es\/?s={search_term_string}"},"query-input":{"@type":"PropertyValueSpecification","valueRequired":true,"valueName":"search_term_string"}}],"inLanguage":"es"},{"@type":"Organization","@id":"https:\/\/www.maiaimpact.org\/es\/#organization","name":"MAIA","url":"https:\/\/www.maiaimpact.org\/es\/","logo":{"@type":"ImageObject","inLanguage":"es","@id":"https:\/\/www.maiaimpact.org\/es\/#\/schema\/logo\/image\/","url":"https:\/\/www.maiaimpact.org\/wp-content\/uploads\/2023\/10\/maia-logo.png","contentUrl":"https:\/\/www.maiaimpact.org\/wp-content\/uploads\/2023\/10\/maia-logo.png","width":128,"height":45,"caption":"MAIA"},"image":{"@id":"https:\/\/www.maiaimpact.org\/es\/#\/schema\/logo\/image\/"},"sameAs":["https:\/\/www.facebook.com\/maiaimpact","https:\/\/www.instagram.com\/maia_impact\/","https:\/\/www.youtube.com\/@maiaimpact","https:\/\/www.linkedin.com\/company\/maiaimpact\/"]},{"@type":"Person","@id":"https:\/\/www.maiaimpact.org\/es\/#\/schema\/person\/2da10f84ea303f9b067e44ed6d9ac16e","name":"web-maiaadmin","sameAs":["https:\/\/www.maiaimpact.org"],"url":"https:\/\/www.maiaimpact.org\/es\/author\/web-maiaadmin\/"}]}},"_links":{"self":[{"href":"https:\/\/www.maiaimpact.org\/es\/wp-json\/wp\/v2\/posts\/7840","targetHints":{"allow":["GET"]}}],"collection":[{"href":"https:\/\/www.maiaimpact.org\/es\/wp-json\/wp\/v2\/posts"}],"about":[{"href":"https:\/\/www.maiaimpact.org\/es\/wp-json\/wp\/v2\/types\/post"}],"author":[{"embeddable":true,"href":"https:\/\/www.maiaimpact.org\/es\/wp-json\/wp\/v2\/users\/1"}],"replies":[{"embeddable":true,"href":"https:\/\/www.maiaimpact.org\/es\/wp-json\/wp\/v2\/comments?post=7840"}],"version-history":[{"count":9,"href":"https:\/\/www.maiaimpact.org\/es\/wp-json\/wp\/v2\/posts\/7840\/revisions"}],"predecessor-version":[{"id":8163,"href":"https:\/\/www.maiaimpact.org\/es\/wp-json\/wp\/v2\/posts\/7840\/revisions\/8163"}],"wp:featuredmedia":[{"embeddable":true,"href":"https:\/\/www.maiaimpact.org\/es\/wp-json\/wp\/v2\/media\/8131"}],"wp:attachment":[{"href":"https:\/\/www.maiaimpact.org\/es\/wp-json\/wp\/v2\/media?parent=7840"}],"wp:term":[{"taxonomy":"category","embeddable":true,"href":"https:\/\/www.maiaimpact.org\/es\/wp-json\/wp\/v2\/categories?post=7840"},{"taxonomy":"post_tag","embeddable":true,"href":"https:\/\/www.maiaimpact.org\/es\/wp-json\/wp\/v2\/tags?post=7840"}],"curies":[{"name":"wp","href":"https:\/\/api.w.org\/{rel}","templated":true}]}}