{"id":6752,"date":"2024-10-08T19:28:07","date_gmt":"2024-10-08T19:28:07","guid":{"rendered":"https:\/\/www.maiaimpact.org\/bloging-es\/la-vision-de-las-jovenes-mujeres-para-el-futuro\/"},"modified":"2024-10-17T16:19:58","modified_gmt":"2024-10-17T16:19:58","slug":"la-vision-de-las-jovenes-mujeres-para-el-futuro","status":"publish","type":"post","link":"https:\/\/www.maiaimpact.org\/es\/bloging-es\/la-vision-de-las-jovenes-mujeres-para-el-futuro\/","title":{"rendered":"La visi\u00f3n de las j\u00f3venes mujeres para el futuro"},"content":{"rendered":"\t\t<div data-elementor-type=\"wp-post\" data-elementor-id=\"6752\" class=\"elementor elementor-6752 elementor-6600\" data-elementor-post-type=\"post\">\n\t\t\t\t<div class=\"elementor-element elementor-element-4d900777 e-con-full e-flex e-con e-parent\" data-id=\"4d900777\" data-element_type=\"container\" data-e-type=\"container\">\n\t\t\t\t<div class=\"elementor-element elementor-element-1e98eb5d elementor-widget elementor-widget-image\" data-id=\"1e98eb5d\" data-element_type=\"widget\" data-e-type=\"widget\" data-widget_type=\"image.default\">\n\t\t\t\t<div class=\"elementor-widget-container\">\n\t\t\t\t\t\t\t\t\t\t\t\t\t\t\t<img decoding=\"async\" src=\"https:\/\/www.maiaimpact.org\/wp-content\/uploads\/2024\/10\/IDG-Blog-Banner-Oct.-24-1.png\" title=\"IDG Blog Banner &#8211; Oct. 24 (1)\" alt=\"Three vertical portraits of MAIA Girl Pioneers, each confidently smiling. They represent the strength, leadership,\" loading=\"lazy\" \/>\t\t\t\t\t\t\t\t\t\t\t\t\t\t\t<\/div>\n\t\t\t\t<\/div>\n\t\t\t\t<\/div>\n\t\t<div class=\"elementor-element elementor-element-6af35f2f e-flex e-con-boxed e-con e-parent\" data-id=\"6af35f2f\" data-element_type=\"container\" data-e-type=\"container\">\n\t\t\t\t\t<div class=\"e-con-inner\">\n\t\t\t\t<div class=\"elementor-element elementor-element-22b93855 elementor-widget elementor-widget-heading\" data-id=\"22b93855\" data-element_type=\"widget\" data-e-type=\"widget\" data-widget_type=\"heading.default\">\n\t\t\t\t<div class=\"elementor-widget-container\">\n\t\t\t\t\t<h1 class=\"elementor-heading-title elementor-size-default\">La visi\u00f3n de las j\u00f3venes mujeres para el futuro<\/h1>\t\t\t\t<\/div>\n\t\t\t\t<\/div>\n\t\t\t\t<div class=\"elementor-element elementor-element-303d95bd elementor-widget elementor-widget-spacer\" data-id=\"303d95bd\" data-element_type=\"widget\" data-e-type=\"widget\" data-widget_type=\"spacer.default\">\n\t\t\t\t<div class=\"elementor-widget-container\">\n\t\t\t\t\t\t\t<div class=\"elementor-spacer\">\n\t\t\t<div class=\"elementor-spacer-inner\"><\/div>\n\t\t<\/div>\n\t\t\t\t\t\t<\/div>\n\t\t\t\t<\/div>\n\t\t\t\t<div class=\"elementor-element elementor-element-4f5524b1 elementor-widget elementor-widget-text-editor\" data-id=\"4f5524b1\" data-element_type=\"widget\" data-e-type=\"widget\" data-widget_type=\"text-editor.default\">\n\t\t\t\t<div class=\"elementor-widget-container\">\n\t\t\t\t\t\t\t\t\t<p><b>Celebrando a las J\u00f3venes Pioneras de MAIA en el D\u00eda Internacional de la Ni\u00f1a<\/b><\/p>\n\t\t\t\t\t\t\t\t<\/div>\n\t\t\t\t<\/div>\n\t\t\t\t<div class=\"elementor-element elementor-element-face52c elementor-align-center elementor-widget elementor-widget-post-info\" data-id=\"face52c\" data-element_type=\"widget\" data-e-type=\"widget\" data-widget_type=\"post-info.default\">\n\t\t\t\t<div class=\"elementor-widget-container\">\n\t\t\t\t\t\t\t<ul class=\"elementor-inline-items elementor-icon-list-items elementor-post-info\">\n\t\t\t\t\t\t\t\t<li class=\"elementor-icon-list-item elementor-repeater-item-a496f4b elementor-inline-item\" itemprop=\"datePublished\">\n\t\t\t\t\t\t<a href=\"https:\/\/www.maiaimpact.org\/es\/2024\/10\/08\/\">\n\t\t\t\t\t\t\t\t\t\t\t<span class=\"elementor-icon-list-icon\">\n\t\t\t\t\t\t\t\t<svg aria-hidden=\"true\" class=\"e-font-icon-svg e-fas-calendar\" viewBox=\"0 0 448 512\" xmlns=\"http:\/\/www.w3.org\/2000\/svg\"><path d=\"M12 192h424c6.6 0 12 5.4 12 12v260c0 26.5-21.5 48-48 48H48c-26.5 0-48-21.5-48-48V204c0-6.6 5.4-12 12-12zm436-44v-36c0-26.5-21.5-48-48-48h-48V12c0-6.6-5.4-12-12-12h-40c-6.6 0-12 5.4-12 12v52H160V12c0-6.6-5.4-12-12-12h-40c-6.6 0-12 5.4-12 12v52H48C21.5 64 0 85.5 0 112v36c0 6.6 5.4 12 12 12h424c6.6 0 12-5.4 12-12z\"><\/path><\/svg>\t\t\t\t\t\t\t<\/span>\n\t\t\t\t\t\t\t\t\t<span class=\"elementor-icon-list-text elementor-post-info__item elementor-post-info__item--type-date\">\n\t\t\t\t\t\t\t\t\t\t<time>octubre 8, 2024<\/time>\t\t\t\t\t<\/span>\n\t\t\t\t\t\t\t\t\t<\/a>\n\t\t\t\t<\/li>\n\t\t\t\t<\/ul>\n\t\t\t\t\t\t<\/div>\n\t\t\t\t<\/div>\n\t\t\t\t<div class=\"elementor-element elementor-element-7f70caa8 elementor-widget elementor-widget-spacer\" data-id=\"7f70caa8\" data-element_type=\"widget\" data-e-type=\"widget\" data-widget_type=\"spacer.default\">\n\t\t\t\t<div class=\"elementor-widget-container\">\n\t\t\t\t\t\t\t<div class=\"elementor-spacer\">\n\t\t\t<div class=\"elementor-spacer-inner\"><\/div>\n\t\t<\/div>\n\t\t\t\t\t\t<\/div>\n\t\t\t\t<\/div>\n\t\t\t\t<div class=\"elementor-element elementor-element-5ba44ffc elementor-widget elementor-widget-text-editor\" data-id=\"5ba44ffc\" data-element_type=\"widget\" data-e-type=\"widget\" data-widget_type=\"text-editor.default\">\n\t\t\t\t<div class=\"elementor-widget-container\">\n\t\t\t\t\t\t\t\t\t<p><b>Hoy, 11 de octubre,<\/b><span style=\"font-weight: 400;\"> nos unimos a la conmemoraci\u00f3n del <\/span><b>D\u00eda Internacional de la Ni\u00f1a,<\/b><span style=\"font-weight: 400;\"> reconociendo su potencial y sus sue\u00f1os en todas partes. Este a\u00f1o, el tema es <\/span><b>\u00abLa visi\u00f3n de las ni\u00f1as para el futuro\u00bb, <\/b><span style=\"font-weight: 400;\">que destaca los grandes sue\u00f1os y metas que est\u00e1n construyendo para ellas mismas, sus comunidades y el mundo.<\/span><\/p>\t\t\t\t\t\t\t\t<\/div>\n\t\t\t\t<\/div>\n\t\t\t\t<div class=\"elementor-element elementor-element-b65e0ed elementor-widget elementor-widget-text-editor\" data-id=\"b65e0ed\" data-element_type=\"widget\" data-e-type=\"widget\" data-widget_type=\"text-editor.default\">\n\t\t\t\t<div class=\"elementor-widget-container\">\n\t\t\t\t\t\t\t\t\t<p><span style=\"font-weight: 400;\">En <strong><span style=\"color: #e7004c; text-decoration: underline;\"><a style=\"color: #e7004c; text-decoration: underline;\" href=\"https:\/\/www.maiaimpact.org\/es\/quienes-somos\/\" target=\"_blank\" rel=\"noopener\">MAIA<\/a><\/span><\/strong>, vemos c\u00f3mo la educaci\u00f3n y el empoderamiento pueden transformar vidas a trav\u00e9s de las historias y experiencias de las <\/span><b>J\u00f3venes Pioneras graduadas,<\/b><span style=\"font-weight: 400;\"> quienes est\u00e1n<\/span><b> forjando una nueva trayectoria<\/b><span style=\"font-weight: 400;\"> y est\u00e1n avanzando en la educaci\u00f3n, sus carreras y el activismo social. <\/span><b>Sus historias muestran lo que pueden lograr las j\u00f3venes cuando se les apoya y brinda oportunidades.<\/b><\/p><p><span style=\"font-weight: 400;\">Hoy, queremos destacar las inspiradoras historias de Azucely, Yesenia y Ana Miriam, tres mujeres Mayas Kaqchikeles de Solol\u00e1, Guatemala, y J\u00f3venes Pioneras graduadas de MAIA, que tienen un camino prometedor por delante.<\/span><\/p>\t\t\t\t\t\t\t\t<\/div>\n\t\t\t\t<\/div>\n\t\t\t\t<div class=\"elementor-element elementor-element-5d6faef4 elementor-widget elementor-widget-spacer\" data-id=\"5d6faef4\" data-element_type=\"widget\" data-e-type=\"widget\" data-widget_type=\"spacer.default\">\n\t\t\t\t<div class=\"elementor-widget-container\">\n\t\t\t\t\t\t\t<div class=\"elementor-spacer\">\n\t\t\t<div class=\"elementor-spacer-inner\"><\/div>\n\t\t<\/div>\n\t\t\t\t\t\t<\/div>\n\t\t\t\t<\/div>\n\t\t\t\t<div class=\"elementor-element elementor-element-5581d2b0 elementor-widget elementor-widget-heading\" data-id=\"5581d2b0\" data-element_type=\"widget\" data-e-type=\"widget\" data-widget_type=\"heading.default\">\n\t\t\t\t<div class=\"elementor-widget-container\">\n\t\t\t\t\t<h2 class=\"elementor-heading-title elementor-size-medium\">Azucely: Un camino de Abogac\u00eda y Empoderamiento <\/h2>\t\t\t\t<\/div>\n\t\t\t\t<\/div>\n\t\t\t\t<div class=\"elementor-element elementor-element-7c33a471 elementor-widget elementor-widget-spacer\" data-id=\"7c33a471\" data-element_type=\"widget\" data-e-type=\"widget\" data-widget_type=\"spacer.default\">\n\t\t\t\t<div class=\"elementor-widget-container\">\n\t\t\t\t\t\t\t<div class=\"elementor-spacer\">\n\t\t\t<div class=\"elementor-spacer-inner\"><\/div>\n\t\t<\/div>\n\t\t\t\t\t\t<\/div>\n\t\t\t\t<\/div>\n\t\t\t\t<div class=\"elementor-element elementor-element-6ba6028 elementor-widget elementor-widget-image\" data-id=\"6ba6028\" data-element_type=\"widget\" data-e-type=\"widget\" data-widget_type=\"image.default\">\n\t\t\t\t<div class=\"elementor-widget-container\">\n\t\t\t\t\t\t\t\t\t\t\t\t\t\t\t<img fetchpriority=\"high\" decoding=\"async\" width=\"800\" height=\"534\" src=\"https:\/\/www.maiaimpact.org\/wp-content\/uploads\/2024\/10\/Azucely-Bixcul-3-2-1024x683.jpg\" class=\"attachment-large size-large wp-image-6721\" alt=\"\" srcset=\"https:\/\/www.maiaimpact.org\/wp-content\/uploads\/2024\/10\/Azucely-Bixcul-3-2-1024x683.jpg 1024w, https:\/\/www.maiaimpact.org\/wp-content\/uploads\/2024\/10\/Azucely-Bixcul-3-2-300x200.jpg 300w, https:\/\/www.maiaimpact.org\/wp-content\/uploads\/2024\/10\/Azucely-Bixcul-3-2-768x512.jpg 768w, https:\/\/www.maiaimpact.org\/wp-content\/uploads\/2024\/10\/Azucely-Bixcul-3-2-1536x1024.jpg 1536w, https:\/\/www.maiaimpact.org\/wp-content\/uploads\/2024\/10\/Azucely-Bixcul-3-2-2048x1365.jpg 2048w\" sizes=\"(max-width: 800px) 100vw, 800px\" \/>\t\t\t\t\t\t\t\t\t\t\t\t\t\t\t<\/div>\n\t\t\t\t<\/div>\n\t\t\t\t<div class=\"elementor-element elementor-element-d34ec2b elementor-widget elementor-widget-spacer\" data-id=\"d34ec2b\" data-element_type=\"widget\" data-e-type=\"widget\" data-widget_type=\"spacer.default\">\n\t\t\t\t<div class=\"elementor-widget-container\">\n\t\t\t\t\t\t\t<div class=\"elementor-spacer\">\n\t\t\t<div class=\"elementor-spacer-inner\"><\/div>\n\t\t<\/div>\n\t\t\t\t\t\t<\/div>\n\t\t\t\t<\/div>\n\t\t\t\t<div class=\"elementor-element elementor-element-2fd6d609 elementor-widget elementor-widget-text-editor\" data-id=\"2fd6d609\" data-element_type=\"widget\" data-e-type=\"widget\" data-widget_type=\"text-editor.default\">\n\t\t\t\t<div class=\"elementor-widget-container\">\n\t\t\t\t\t\t\t\t\t\n<b>Azucely est\u00e1 cursando su primer a\u00f1o en la Universidad de Minnesota, gracias a la <strong><span style=\"color: #e7004c; text-decoration: underline;\"><a style=\"color: #e7004c; text-decoration: underline;\" href=\"https:\/\/shecan.global\/scholar\/azucely-bixcul\/\" target=\"_blank\" rel=\"noopener\">beca SHE-CAN . <\/a><\/span><\/strong>Ella quiere estudiar Relaciones Internacionales y est\u00e1 comprometida en usar su educaci\u00f3n para luchar por los derechos humanos y la justicia social.<\/span>\n\n\n<span style=\"font-weight: 400;\">Creci\u00f3 en una peque\u00f1a comunidad llena de naturaleza y enriquecida de tradiciones, desde peque\u00f1a, aprendi\u00f3 sobre los <\/span><b>desaf\u00edos que enfrentan muchas mujeres para acceder a la educaci\u00f3n. <\/b><span style=\"font-weight: 400;\">Ahora, mientras asiste a su primer a\u00f1o en la universidad, Azucely reflexiona sobre lo importante que son sus aspiraciones.<\/span>\t\t\t\t\t\t\t\t<\/div>\n\t\t\t\t<\/div>\n\t\t\t\t<div class=\"elementor-element elementor-element-3588ff5 elementor-widget elementor-widget-spacer\" data-id=\"3588ff5\" data-element_type=\"widget\" data-e-type=\"widget\" data-widget_type=\"spacer.default\">\n\t\t\t\t<div class=\"elementor-widget-container\">\n\t\t\t\t\t\t\t<div class=\"elementor-spacer\">\n\t\t\t<div class=\"elementor-spacer-inner\"><\/div>\n\t\t<\/div>\n\t\t\t\t\t\t<\/div>\n\t\t\t\t<\/div>\n\t\t\t\t<div class=\"elementor-element elementor-element-d326ccd elementor-blockquote--skin-border elementor-widget elementor-widget-blockquote\" data-id=\"d326ccd\" data-element_type=\"widget\" data-e-type=\"widget\" data-widget_type=\"blockquote.default\">\n\t\t\t\t<div class=\"elementor-widget-container\">\n\t\t\t\t\t\t\t<blockquote class=\"elementor-blockquote\">\n\t\t\t<p class=\"elementor-blockquote__content\">\n\t\t\t\tSiento que tengo una responsabilidad social, aunque a veces puede ser abrumador, s\u00e9 que tengo un prop\u00f3sito que debo seguir. Quiero ser voz para el cambio, demostrar que la educaci\u00f3n no es solo un privilegio, sino un derecho que deber\u00eda estar al alcance de todas las mujeres. \t\t\t<\/p>\n\t\t\t\t\t\t\t<div class=\"e-q-footer\">\n\t\t\t\t\t\t\t\t\t\t\t<cite class=\"elementor-blockquote__author\">Azucely, Joven Pionera graduada de MAIA <\/cite>\n\t\t\t\t\t\t\t\t\t\t\t\t\t\t<\/div>\n\t\t\t\t\t<\/blockquote>\n\t\t\t\t\t\t<\/div>\n\t\t\t\t<\/div>\n\t\t\t\t<div class=\"elementor-element elementor-element-3ab0da7 elementor-widget elementor-widget-spacer\" data-id=\"3ab0da7\" data-element_type=\"widget\" data-e-type=\"widget\" data-widget_type=\"spacer.default\">\n\t\t\t\t<div class=\"elementor-widget-container\">\n\t\t\t\t\t\t\t<div class=\"elementor-spacer\">\n\t\t\t<div class=\"elementor-spacer-inner\"><\/div>\n\t\t<\/div>\n\t\t\t\t\t\t<\/div>\n\t\t\t\t<\/div>\n\t\t\t\t<div class=\"elementor-element elementor-element-20295e7 elementor-widget elementor-widget-text-editor\" data-id=\"20295e7\" data-element_type=\"widget\" data-e-type=\"widget\" data-widget_type=\"text-editor.default\">\n\t\t\t\t<div class=\"elementor-widget-container\">\n\t\t\t\t\t\t\t\t\t<p><span style=\"font-weight: 400;\">Azucely reconoce la<\/span><b> importancia de su red de apoyo,<\/b><span style=\"font-weight: 400;\"> que incluye a educadoras, mentoras y compa\u00f1eras de MAIA, as\u00ed como a su familia y amigas\/os, quienes han contribuido a su<\/span><b> desarrollo acad\u00e9mico y profesional. <\/b><span style=\"font-weight: 400;\">Su historia no es solo sobre su \u00e9xito personal; es un testimonio del<\/span><a href=\"https:\/\/www.maiaimpact.org\/es\/bloging-es\/maia-maximizando-el-potencial-a-traves-de-la-educacion-2\/\"><span style=\"font-weight: 400;\"> poder de la educaci\u00f3n<\/span><\/a><span style=\"font-weight: 400;\"> para crear un mundo m\u00e1s equitativo para las futuras generaciones.<\/span><\/p><p><b>Ahora, al comenzar este nuevo cap\u00edtulo, la visi\u00f3n de Azucely para el futuro est\u00e1 tomando forma y haci\u00e9ndose realidad.<\/b><\/p>\t\t\t\t\t\t\t\t<\/div>\n\t\t\t\t<\/div>\n\t\t\t\t<div class=\"elementor-element elementor-element-ccd3059 elementor-widget elementor-widget-spacer\" data-id=\"ccd3059\" data-element_type=\"widget\" data-e-type=\"widget\" data-widget_type=\"spacer.default\">\n\t\t\t\t<div class=\"elementor-widget-container\">\n\t\t\t\t\t\t\t<div class=\"elementor-spacer\">\n\t\t\t<div class=\"elementor-spacer-inner\"><\/div>\n\t\t<\/div>\n\t\t\t\t\t\t<\/div>\n\t\t\t\t<\/div>\n\t\t\t\t<div class=\"elementor-element elementor-element-d396e5e elementor-widget elementor-widget-heading\" data-id=\"d396e5e\" data-element_type=\"widget\" data-e-type=\"widget\" data-widget_type=\"heading.default\">\n\t\t\t\t<div class=\"elementor-widget-container\">\n\t\t\t\t\t<h2 class=\"elementor-heading-title elementor-size-medium\">Yesenia: Un camino de Crecimiento y Resiliencia<\/h2>\t\t\t\t<\/div>\n\t\t\t\t<\/div>\n\t\t\t\t<div class=\"elementor-element elementor-element-d79b8e1 elementor-widget elementor-widget-spacer\" data-id=\"d79b8e1\" data-element_type=\"widget\" data-e-type=\"widget\" data-widget_type=\"spacer.default\">\n\t\t\t\t<div class=\"elementor-widget-container\">\n\t\t\t\t\t\t\t<div class=\"elementor-spacer\">\n\t\t\t<div class=\"elementor-spacer-inner\"><\/div>\n\t\t<\/div>\n\t\t\t\t\t\t<\/div>\n\t\t\t\t<\/div>\n\t\t\t\t<div class=\"elementor-element elementor-element-d9644f3 elementor-widget elementor-widget-image\" data-id=\"d9644f3\" data-element_type=\"widget\" data-e-type=\"widget\" data-widget_type=\"image.default\">\n\t\t\t\t<div class=\"elementor-widget-container\">\n\t\t\t\t\t\t\t\t\t\t\t\t\t\t\t<img decoding=\"async\" width=\"768\" height=\"512\" src=\"https:\/\/www.maiaimpact.org\/wp-content\/uploads\/2024\/10\/DSC0158-1-768x512.jpg\" class=\"attachment-medium_large size-medium_large wp-image-6679\" alt=\"\" srcset=\"https:\/\/www.maiaimpact.org\/wp-content\/uploads\/2024\/10\/DSC0158-1-768x512.jpg 768w, https:\/\/www.maiaimpact.org\/wp-content\/uploads\/2024\/10\/DSC0158-1-300x200.jpg 300w, https:\/\/www.maiaimpact.org\/wp-content\/uploads\/2024\/10\/DSC0158-1-1024x683.jpg 1024w, https:\/\/www.maiaimpact.org\/wp-content\/uploads\/2024\/10\/DSC0158-1-1536x1024.jpg 1536w, https:\/\/www.maiaimpact.org\/wp-content\/uploads\/2024\/10\/DSC0158-1-2048x1365.jpg 2048w\" sizes=\"(max-width: 768px) 100vw, 768px\" \/>\t\t\t\t\t\t\t\t\t\t\t\t\t\t\t<\/div>\n\t\t\t\t<\/div>\n\t\t\t\t<div class=\"elementor-element elementor-element-4658e3e elementor-widget elementor-widget-spacer\" data-id=\"4658e3e\" data-element_type=\"widget\" data-e-type=\"widget\" data-widget_type=\"spacer.default\">\n\t\t\t\t<div class=\"elementor-widget-container\">\n\t\t\t\t\t\t\t<div class=\"elementor-spacer\">\n\t\t\t<div class=\"elementor-spacer-inner\"><\/div>\n\t\t<\/div>\n\t\t\t\t\t\t<\/div>\n\t\t\t\t<\/div>\n\t\t\t\t<div class=\"elementor-element elementor-element-b05dfd4 elementor-widget elementor-widget-text-editor\" data-id=\"b05dfd4\" data-element_type=\"widget\" data-e-type=\"widget\" data-widget_type=\"text-editor.default\">\n\t\t\t\t<div class=\"elementor-widget-container\">\n\t\t\t\t\t\t\t\t\t<b>Yesenia <\/b><span style=\"font-weight: 400;\">ha transformado su camino, pasando de sentirse insegura sobre su futuro a abrazar un camino de crecimiento y empoderamiento.<\/span>\n<b>En 2023,<\/b><span style=\"font-weight: 400;\"> ella <\/span><b>complet\u00f3 su pasant\u00eda en<strong><span style=\"color: #e7004c; text-decoration: underline;\"><a style=\"color: #e7004c; text-decoration: underline;\" href=\"https:\/\/intercop.gt\/\" target=\"_blank\" rel=\"noopener\"> \nIntercop RL <\/a><\/span><\/strong> como asistente de gerencia y actualmente sigue destac\u00e1ndose en ese mismo puesto.<\/b>\n\n\n<span style=\"font-weight: 400;\">Despu\u00e9s de graduarse, Yesenia se sent\u00eda dudosa y no estaba segura de sus pr\u00f3ximos pasos. Sin embargo, el apoyo y la capacitaci\u00f3n \u00fanica que recibi\u00f3 en MAIA a trav\u00e9s del <strong><span style=\"color: #e7004c; text-decoration: underline;\"><a style=\"color: #e7004c; text-decoration: underline;\" href=\"https:\/\/www.maiaimpact.org\/es\/nuestros-programas\/\" target=\"_blank\" rel=\"noopener\">Programa de Lanzamiento<\/a><\/span><\/strong>\njugaron un papel clave en su transformaci\u00f3n. A trav\u00e9s de talleres y experiencias pr\u00e1cticas, Yesenia gan\u00f3 confianza en sus habilidades y se dio cuenta del potencial que ten\u00eda para triunfar. <\/span>\n\n<span style=\"font-weight: 400;\">Pero esa no es toda su historia. Yesenia tambi\u00e9n est\u00e1 estudiando Administraci\u00f3n de Empresas en la universidad, donde aplica sus habilidades y fomenta el pensamiento cr\u00edtico, la innovaci\u00f3n y el emprendimiento. <\/span>\n\t\t\t\t\t\t\t\t<\/div>\n\t\t\t\t<\/div>\n\t\t\t\t<div class=\"elementor-element elementor-element-3d852f8 elementor-widget elementor-widget-spacer\" data-id=\"3d852f8\" data-element_type=\"widget\" data-e-type=\"widget\" data-widget_type=\"spacer.default\">\n\t\t\t\t<div class=\"elementor-widget-container\">\n\t\t\t\t\t\t\t<div class=\"elementor-spacer\">\n\t\t\t<div class=\"elementor-spacer-inner\"><\/div>\n\t\t<\/div>\n\t\t\t\t\t\t<\/div>\n\t\t\t\t<\/div>\n\t\t\t\t<div class=\"elementor-element elementor-element-9bacf7d elementor-blockquote--skin-border elementor-widget elementor-widget-blockquote\" data-id=\"9bacf7d\" data-element_type=\"widget\" data-e-type=\"widget\" data-widget_type=\"blockquote.default\">\n\t\t\t\t<div class=\"elementor-widget-container\">\n\t\t\t\t\t\t\t<blockquote class=\"elementor-blockquote\">\n\t\t\t<p class=\"elementor-blockquote__content\">\n\t\t\t\tMi meta es prepararme profesionalmente, para ayudar a la sociedad y demostrar que al proponernos alguna meta la podemos cumplir con mucha determinaci\u00f3n y resiliencia. Cada d\u00eda, me esfuerzo por superar los desaf\u00edos en mis estudios y trabajo. Me siento agradecida por el apoyo de mis padres y especialmente el de MAIA, que me ha ayudado a reconocer mis habilidades a trav\u00e9s de varios cursos. Aspiro a empoderar a m\u00e1s j\u00f3venes mujeres para que alcancen sus metas, tal como yo lo he hecho.   \t\t\t<\/p>\n\t\t\t\t\t\t\t<div class=\"e-q-footer\">\n\t\t\t\t\t\t\t\t\t\t\t<cite class=\"elementor-blockquote__author\">Yesenia, Joven Pionera graduada de MAIA <\/cite>\n\t\t\t\t\t\t\t\t\t\t\t\t\t\t<\/div>\n\t\t\t\t\t<\/blockquote>\n\t\t\t\t\t\t<\/div>\n\t\t\t\t<\/div>\n\t\t\t\t<div class=\"elementor-element elementor-element-20290d8 elementor-widget elementor-widget-spacer\" data-id=\"20290d8\" data-element_type=\"widget\" data-e-type=\"widget\" data-widget_type=\"spacer.default\">\n\t\t\t\t<div class=\"elementor-widget-container\">\n\t\t\t\t\t\t\t<div class=\"elementor-spacer\">\n\t\t\t<div class=\"elementor-spacer-inner\"><\/div>\n\t\t<\/div>\n\t\t\t\t\t\t<\/div>\n\t\t\t\t<\/div>\n\t\t\t\t<div class=\"elementor-element elementor-element-a9a9bbf elementor-widget elementor-widget-text-editor\" data-id=\"a9a9bbf\" data-element_type=\"widget\" data-e-type=\"widget\" data-widget_type=\"text-editor.default\">\n\t\t\t\t<div class=\"elementor-widget-container\">\n\t\t\t\t\t\t\t\t\t<p><b>Su camino es un recordatorio poderoso de que, con determinaci\u00f3n y apoyo, todo es posible.<\/b><\/p>\n\t\t\t\t\t\t\t\t<\/div>\n\t\t\t\t<\/div>\n\t\t\t\t<div class=\"elementor-element elementor-element-5018619 elementor-widget elementor-widget-spacer\" data-id=\"5018619\" data-element_type=\"widget\" data-e-type=\"widget\" data-widget_type=\"spacer.default\">\n\t\t\t\t<div class=\"elementor-widget-container\">\n\t\t\t\t\t\t\t<div class=\"elementor-spacer\">\n\t\t\t<div class=\"elementor-spacer-inner\"><\/div>\n\t\t<\/div>\n\t\t\t\t\t\t<\/div>\n\t\t\t\t<\/div>\n\t\t\t\t<div class=\"elementor-element elementor-element-0499e9a elementor-widget elementor-widget-heading\" data-id=\"0499e9a\" data-element_type=\"widget\" data-e-type=\"widget\" data-widget_type=\"heading.default\">\n\t\t\t\t<div class=\"elementor-widget-container\">\n\t\t\t\t\t<h2 class=\"elementor-heading-title elementor-size-medium\">Ana Miriam: Un camino de Resiliencia y Empoderamiento <\/h2>\t\t\t\t<\/div>\n\t\t\t\t<\/div>\n\t\t\t\t<div class=\"elementor-element elementor-element-459f76d elementor-widget elementor-widget-spacer\" data-id=\"459f76d\" data-element_type=\"widget\" data-e-type=\"widget\" data-widget_type=\"spacer.default\">\n\t\t\t\t<div class=\"elementor-widget-container\">\n\t\t\t\t\t\t\t<div class=\"elementor-spacer\">\n\t\t\t<div class=\"elementor-spacer-inner\"><\/div>\n\t\t<\/div>\n\t\t\t\t\t\t<\/div>\n\t\t\t\t<\/div>\n\t\t\t\t<div class=\"elementor-element elementor-element-006f079 elementor-widget elementor-widget-image\" data-id=\"006f079\" data-element_type=\"widget\" data-e-type=\"widget\" data-widget_type=\"image.default\">\n\t\t\t\t<div class=\"elementor-widget-container\">\n\t\t\t\t\t\t\t\t\t\t\t\t\t\t\t<img decoding=\"async\" width=\"800\" height=\"534\" src=\"https:\/\/www.maiaimpact.org\/wp-content\/uploads\/2024\/10\/MAIA_2023-125-1024x683.jpg\" class=\"attachment-large size-large wp-image-6714\" alt=\"\" srcset=\"https:\/\/www.maiaimpact.org\/wp-content\/uploads\/2024\/10\/MAIA_2023-125-1024x683.jpg 1024w, https:\/\/www.maiaimpact.org\/wp-content\/uploads\/2024\/10\/MAIA_2023-125-300x200.jpg 300w, https:\/\/www.maiaimpact.org\/wp-content\/uploads\/2024\/10\/MAIA_2023-125-768x512.jpg 768w, https:\/\/www.maiaimpact.org\/wp-content\/uploads\/2024\/10\/MAIA_2023-125-1536x1024.jpg 1536w, https:\/\/www.maiaimpact.org\/wp-content\/uploads\/2024\/10\/MAIA_2023-125-2048x1365.jpg 2048w\" sizes=\"(max-width: 800px) 100vw, 800px\" \/>\t\t\t\t\t\t\t\t\t\t\t\t\t\t\t<\/div>\n\t\t\t\t<\/div>\n\t\t\t\t<div class=\"elementor-element elementor-element-831a682 elementor-widget elementor-widget-spacer\" data-id=\"831a682\" data-element_type=\"widget\" data-e-type=\"widget\" data-widget_type=\"spacer.default\">\n\t\t\t\t<div class=\"elementor-widget-container\">\n\t\t\t\t\t\t\t<div class=\"elementor-spacer\">\n\t\t\t<div class=\"elementor-spacer-inner\"><\/div>\n\t\t<\/div>\n\t\t\t\t\t\t<\/div>\n\t\t\t\t<\/div>\n\t\t\t\t<div class=\"elementor-element elementor-element-ba69e64 elementor-widget elementor-widget-text-editor\" data-id=\"ba69e64\" data-element_type=\"widget\" data-e-type=\"widget\" data-widget_type=\"text-editor.default\">\n\t\t\t\t<div class=\"elementor-widget-container\">\n\t\t\t\t\t\t\t\t\t<b>Ana Miriam ha superado innumerables desaf\u00edos con valent\u00eda y resiliencia.<\/b><b> En 2023, <\/b><span style=\"font-weight: 400;\">gan\u00f3 una <\/span><b>beca completa <\/b><span style=\"font-weight: 400;\">a trav\u00e9s de los <strong><span style=\"color: #e7004c; text-decoration: underline;\"><a style=\"color: #e7004c; text-decoration: underline;\" href=\"https:\/\/afs.org\/study-abroad\/\" target=\"_blank\" rel=\"noopener\">Programas de Intercambio de AFS<\/a><\/span><\/strong> y complet\u00f3 su <\/span><b>\u00faltimo a\u00f1o de secundaria en Ontario, Canad\u00e1, <\/b><span style=\"font-weight: 400;\">una oportunidad con la que so\u00f1aba desde que era ni\u00f1a.<\/span>\n\n<span style=\"font-weight: 400;\">Aunque adaptarse a la vida en Canad\u00e1 fue dif\u00edcil debido a las barreras del idioma, Ana Miriam persever\u00f3. Mejor\u00f3 su desempe\u00f1o acad\u00e9mico, comparti\u00f3 sobre la cultura guatemalteca con sus compa\u00f1eras\/os de clase y dio un discurso sobre <\/span><i><span style=\"font-weight: 400;\">\u201cEl Poder del Idioma\u201d,<\/span> <\/i><span style=\"font-weight: 400;\">el cual fue muy admirado por sus compa\u00f1eras\/os.<\/span>\n\n<span style=\"font-weight: 400;\">Actualmente, Ana Miriam est\u00e1 en Guatemala, <strong><span style=\"color: #e7004c; text-decoration: underline;\"><a style=\"color: #e7004c; text-decoration: underline;\" href=\"https:\/\/www.cemaco.com\/\" target=\"_blank\" rel=\"noopener\">Cemaco <\/a><\/span><\/strong>en Quetzaltenango, a trav\u00e9s del programa del gobierno guatemalteco <\/span><b>\u00abBeca Mi Primer Empleo\u00bb<\/b><span style=\"font-weight: 400;\"> .<\/span>\t\t\t\t\t\t\t\t<\/div>\n\t\t\t\t<\/div>\n\t\t\t\t<div class=\"elementor-element elementor-element-62b12c3 elementor-widget elementor-widget-spacer\" data-id=\"62b12c3\" data-element_type=\"widget\" data-e-type=\"widget\" data-widget_type=\"spacer.default\">\n\t\t\t\t<div class=\"elementor-widget-container\">\n\t\t\t\t\t\t\t<div class=\"elementor-spacer\">\n\t\t\t<div class=\"elementor-spacer-inner\"><\/div>\n\t\t<\/div>\n\t\t\t\t\t\t<\/div>\n\t\t\t\t<\/div>\n\t\t\t\t<div class=\"elementor-element elementor-element-2da41fd elementor-blockquote--skin-border elementor-widget elementor-widget-blockquote\" data-id=\"2da41fd\" data-element_type=\"widget\" data-e-type=\"widget\" data-widget_type=\"blockquote.default\">\n\t\t\t\t<div class=\"elementor-widget-container\">\n\t\t\t\t\t\t\t<blockquote class=\"elementor-blockquote\">\n\t\t\t<p class=\"elementor-blockquote__content\">\n\t\t\t\tSoy una mujer con un fuerte deseo de cuidar a los dem\u00e1s y crear un mundo m\u00e1s transparente. Quiero motivar a las nuevas generaciones a convertirse en agentes de cambio en sus comunidades y pa\u00edses. \t\t\t<\/p>\n\t\t\t\t\t\t\t<div class=\"e-q-footer\">\n\t\t\t\t\t\t\t\t\t\t\t<cite class=\"elementor-blockquote__author\">Ana Miriam, Joven Pionera graduada de MAIA<\/cite>\n\t\t\t\t\t\t\t\t\t\t\t\t\t\t<\/div>\n\t\t\t\t\t<\/blockquote>\n\t\t\t\t\t\t<\/div>\n\t\t\t\t<\/div>\n\t\t\t\t<div class=\"elementor-element elementor-element-6c679ee elementor-widget elementor-widget-spacer\" data-id=\"6c679ee\" data-element_type=\"widget\" data-e-type=\"widget\" data-widget_type=\"spacer.default\">\n\t\t\t\t<div class=\"elementor-widget-container\">\n\t\t\t\t\t\t\t<div class=\"elementor-spacer\">\n\t\t\t<div class=\"elementor-spacer-inner\"><\/div>\n\t\t<\/div>\n\t\t\t\t\t\t<\/div>\n\t\t\t\t<\/div>\n\t\t\t\t<div class=\"elementor-element elementor-element-330c2ab elementor-align-center elementor-widget elementor-widget-button\" data-id=\"330c2ab\" data-element_type=\"widget\" data-e-type=\"widget\" data-widget_type=\"button.default\">\n\t\t\t\t<div class=\"elementor-widget-container\">\n\t\t\t\t\t\t\t\t\t<div class=\"elementor-button-wrapper\">\n\t\t\t\t\t<a class=\"elementor-button elementor-button-link elementor-size-sm\" href=\"https:\/\/www.maiaimpact.org\/es\/historias\/from-maya-heritage-to-global-inspiration-ana-miriams-journey-of-empowerment\/\" target=\"_blank\">\n\t\t\t\t\t\t<span class=\"elementor-button-content-wrapper\">\n\t\t\t\t\t\t\t\t\t<span class=\"elementor-button-text\">\u00a1Lee m\u00e1s sobre el viaje de Ana Miriam aqu\u00ed!<\/span>\n\t\t\t\t\t<\/span>\n\t\t\t\t\t<\/a>\n\t\t\t\t<\/div>\n\t\t\t\t\t\t\t\t<\/div>\n\t\t\t\t<\/div>\n\t\t\t\t<div class=\"elementor-element elementor-element-8dae71f elementor-widget elementor-widget-spacer\" data-id=\"8dae71f\" data-element_type=\"widget\" data-e-type=\"widget\" data-widget_type=\"spacer.default\">\n\t\t\t\t<div class=\"elementor-widget-container\">\n\t\t\t\t\t\t\t<div class=\"elementor-spacer\">\n\t\t\t<div class=\"elementor-spacer-inner\"><\/div>\n\t\t<\/div>\n\t\t\t\t\t\t<\/div>\n\t\t\t\t<\/div>\n\t\t\t\t<div class=\"elementor-element elementor-element-da1f15e elementor-widget elementor-widget-image\" data-id=\"da1f15e\" data-element_type=\"widget\" data-e-type=\"widget\" data-widget_type=\"image.default\">\n\t\t\t\t<div class=\"elementor-widget-container\">\n\t\t\t\t\t\t\t\t\t\t\t\t\t\t\t<img loading=\"lazy\" decoding=\"async\" width=\"800\" height=\"9\" src=\"https:\/\/www.maiaimpact.org\/wp-content\/uploads\/2023\/11\/separador-1024x12.png\" class=\"attachment-large size-large wp-image-2747\" alt=\"\" srcset=\"https:\/\/www.maiaimpact.org\/wp-content\/uploads\/2023\/11\/separador-1024x12.png 1024w, https:\/\/www.maiaimpact.org\/wp-content\/uploads\/2023\/11\/separador-300x3.png 300w, https:\/\/www.maiaimpact.org\/wp-content\/uploads\/2023\/11\/separador-768x9.png 768w, https:\/\/www.maiaimpact.org\/wp-content\/uploads\/2023\/11\/separador-1536x18.png 1536w, https:\/\/www.maiaimpact.org\/wp-content\/uploads\/2023\/11\/separador.png 1728w\" sizes=\"(max-width: 800px) 100vw, 800px\" \/>\t\t\t\t\t\t\t\t\t\t\t\t\t\t\t<\/div>\n\t\t\t\t<\/div>\n\t\t\t\t<div class=\"elementor-element elementor-element-3b6bc30 elementor-widget elementor-widget-spacer\" data-id=\"3b6bc30\" data-element_type=\"widget\" data-e-type=\"widget\" data-widget_type=\"spacer.default\">\n\t\t\t\t<div class=\"elementor-widget-container\">\n\t\t\t\t\t\t\t<div class=\"elementor-spacer\">\n\t\t\t<div class=\"elementor-spacer-inner\"><\/div>\n\t\t<\/div>\n\t\t\t\t\t\t<\/div>\n\t\t\t\t<\/div>\n\t\t\t\t\t<\/div>\n\t\t\t\t<\/div>\n\t\t<div class=\"elementor-element elementor-element-fefccfb e-flex e-con-boxed e-con e-parent\" data-id=\"fefccfb\" data-element_type=\"container\" data-e-type=\"container\">\n\t\t\t\t\t<div class=\"e-con-inner\">\n\t\t\t\t<div class=\"elementor-element elementor-element-9b0cf40 elementor-widget elementor-widget-text-editor\" data-id=\"9b0cf40\" data-element_type=\"widget\" data-e-type=\"widget\" data-widget_type=\"text-editor.default\">\n\t\t\t\t<div class=\"elementor-widget-container\">\n\t\t\t\t\t\t\t\t\t<p><span style=\"font-weight: 400;\">Las historias de <\/span><b>Azucely, Yesenia y Ana Miriam son testimonios poderosos<\/b><span style=\"font-weight: 400;\"> de lo que es posible cuando las j\u00f3venes mujeres Ind\u00edgenas tienen acceso a la educaci\u00f3n, mentor\u00eda y las oportunidades que merecen. No s\u00f3lo est\u00e1n so\u00f1ando con un futuro mejor, sino que lo est\u00e1n construyendo. Sus visiones van m\u00e1s all\u00e1 del \u00e9xito personal; <\/span><b>est\u00e1n formando un mundo m\u00e1s equitativo e inclusivo para todas\/os.<\/b><\/p><p><span style=\"font-weight: 400;\">Al conmemorar el<\/span><b> D\u00eda Internacional de la Ni\u00f1a,<\/b><span style=\"font-weight: 400;\"> recordamos que <\/span><a href=\"https:\/\/www.maiaimpact.org\/es\/donate-to-maia\/\"><b>al invertir en la educaci\u00f3n de las j\u00f3venes mujeres Ind\u00edgenas es invertir en el futuro. <\/b><\/a><span style=\"font-weight: 400;\">Las J\u00f3venes Pioneras demuestran que, cuando las empoderamos, desbloqueamos su potencial para transformar sus propias vidas y las de los dem\u00e1s.<\/span><\/p><p><b>Sigamos celebrando y apoyando a estas valientes J\u00f3venes Pioneras que est\u00e1n creando un futuro mejor para todas\/os.<\/b><\/p>\t\t\t\t\t\t\t\t<\/div>\n\t\t\t\t<\/div>\n\t\t\t\t<div class=\"elementor-element elementor-element-38640c9 elementor-cta--skin-cover elementor-animated-content elementor-bg-transform elementor-bg-transform-zoom-in elementor-widget elementor-widget-call-to-action\" data-id=\"38640c9\" data-element_type=\"widget\" data-e-type=\"widget\" data-widget_type=\"call-to-action.default\">\n\t\t\t\t<div class=\"elementor-widget-container\">\n\t\t\t\t\t\t\t<div class=\"elementor-cta\">\n\t\t\t\t\t<div class=\"elementor-cta__bg-wrapper\">\n\t\t\t\t<div class=\"elementor-cta__bg elementor-bg\" style=\"background-image: url(https:\/\/www.maiaimpact.org\/wp-content\/uploads\/2024\/10\/MAIA_2023-160-1024x683.jpg);\" role=\"img\" aria-label=\"MAIA_2023-160\"><\/div>\n\t\t\t\t<div class=\"elementor-cta__bg-overlay\"><\/div>\n\t\t\t<\/div>\n\t\t\t\t\t\t\t<div class=\"elementor-cta__content\">\n\t\t\t\t\n\t\t\t\t\t\t\t\t\t<h2 class=\"elementor-cta__title elementor-cta__content-item elementor-content-item elementor-animated-item--grow\">\n\t\t\t\t\t\t\u00a1Invierte en el empoderamiento de las J\u00f3venes Pioneras, transforma futuros!\t\t\t\t\t<\/h2>\n\t\t\t\t\n\t\t\t\t\t\t\t\t\t<div class=\"elementor-cta__description elementor-cta__content-item elementor-content-item elementor-animated-item--grow\">\n\t\t\t\t\t\t<p>Tu apoyo tendr\u00e1 un impacto infinito en la vida de j\u00f3venes mujeres Ind\u00edgenas como Azucely, Yesenia y Ana Miriam. Invierte en su futuro hoy. <\/p>\n\t\t\t\t\t<\/div>\n\t\t\t\t\n\t\t\t\t\t\t\t\t\t<div class=\"elementor-cta__button-wrapper elementor-cta__content-item elementor-content-item elementor-animated-item--grow\">\n\t\t\t\t\t<a class=\"elementor-cta__button elementor-button elementor-size-\" href=\"https:\/\/www.maiaimpact.org\/es\/donate-to-maia\/\" target=\"_blank\">\n\t\t\t\t\t\t\u00a1Dona Hoy!\t\t\t\t\t<\/a>\n\t\t\t\t\t<\/div>\n\t\t\t\t\t\t\t<\/div>\n\t\t\t\t\t\t<\/div>\n\t\t\t\t\t\t<\/div>\n\t\t\t\t<\/div>\n\t\t\t\t<div class=\"elementor-element elementor-element-2b8b9a9 elementor-widget elementor-widget-spacer\" data-id=\"2b8b9a9\" data-element_type=\"widget\" data-e-type=\"widget\" data-widget_type=\"spacer.default\">\n\t\t\t\t<div class=\"elementor-widget-container\">\n\t\t\t\t\t\t\t<div class=\"elementor-spacer\">\n\t\t\t<div class=\"elementor-spacer-inner\"><\/div>\n\t\t<\/div>\n\t\t\t\t\t\t<\/div>\n\t\t\t\t<\/div>\n\t\t\t\t\t<\/div>\n\t\t\t\t<\/div>\n\t\t\t\t<\/div>\n\t\t","protected":false},"excerpt":{"rendered":"<p>Hoy, 11 de octubre, nos unimos a la conmemoraci\u00f3n del D\u00eda Internacional de la Ni\u00f1a, reconociendo su potencial y sus sue\u00f1os en todas partes. Este a\u00f1o, el tema es \u00abLa visi\u00f3n de las j\u00f3venes mujeres para el futuro\u00bb, que destaca los grandes sue\u00f1os y metas que est\u00e1n construyendo para ellas mismas, sus comunidades y el mundo. <\/p>\n","protected":false},"author":1,"featured_media":6747,"comment_status":"closed","ping_status":"closed","sticky":false,"template":"elementor_header_footer","format":"standard","meta":{"footnotes":""},"categories":[29],"tags":[114,61,81,55,54],"class_list":["post-6752","post","type-post","status-publish","format-standard","has-post-thumbnail","hentry","category-bloging-es","tag-dia-internacional-de-la-nina","tag-empoderadas-para-empoderar","tag-jovenes-indigenas","tag-jovenes-pioneras","tag-maia-es"],"yoast_head":"<!-- This site is optimized with the Yoast SEO plugin v27.4 - https:\/\/yoast.com\/product\/yoast-seo-wordpress\/ -->\n<title>La visi\u00f3n de las j\u00f3venes mujeres para el futuro - MAIA<\/title>\n<meta name=\"robots\" content=\"index, follow, max-snippet:-1, max-image-preview:large, max-video-preview:-1\" \/>\n<link rel=\"canonical\" href=\"https:\/\/www.maiaimpact.org\/es\/bloging-es\/la-vision-de-las-jovenes-mujeres-para-el-futuro\/\" \/>\n<meta property=\"og:locale\" content=\"es_ES\" \/>\n<meta property=\"og:type\" content=\"article\" \/>\n<meta property=\"og:title\" content=\"La visi\u00f3n de las j\u00f3venes mujeres para el futuro - MAIA\" \/>\n<meta property=\"og:description\" content=\"Hoy, 11 de octubre, nos unimos a la conmemoraci\u00f3n del D\u00eda Internacional de la Ni\u00f1a, reconociendo su potencial y sus sue\u00f1os en todas partes. Este a\u00f1o, el tema es &quot;La visi\u00f3n de las j\u00f3venes mujeres para el futuro&quot;, que destaca los grandes sue\u00f1os y metas que est\u00e1n construyendo para ellas mismas, sus comunidades y el mundo.\" \/>\n<meta property=\"og:url\" content=\"https:\/\/www.maiaimpact.org\/es\/bloging-es\/la-vision-de-las-jovenes-mujeres-para-el-futuro\/\" \/>\n<meta property=\"og:site_name\" content=\"MAIA\" \/>\n<meta property=\"article:publisher\" content=\"https:\/\/www.facebook.com\/maiaimpact\" \/>\n<meta property=\"article:published_time\" content=\"2024-10-08T19:28:07+00:00\" \/>\n<meta property=\"article:modified_time\" content=\"2024-10-17T16:19:58+00:00\" \/>\n<meta property=\"og:image\" content=\"https:\/\/www.maiaimpact.org\/wp-content\/uploads\/2024\/10\/IDG-Blog-Banner-Oct.-24-1-1024x576.png\" \/>\n\t<meta property=\"og:image:width\" content=\"1024\" \/>\n\t<meta property=\"og:image:height\" content=\"576\" \/>\n\t<meta property=\"og:image:type\" content=\"image\/png\" \/>\n<meta name=\"author\" content=\"web-maiaadmin\" \/>\n<meta name=\"twitter:card\" content=\"summary_large_image\" \/>\n<meta name=\"twitter:label1\" content=\"Escrito por\" \/>\n\t<meta name=\"twitter:data1\" content=\"web-maiaadmin\" \/>\n\t<meta name=\"twitter:label2\" content=\"Tiempo de lectura\" \/>\n\t<meta name=\"twitter:data2\" content=\"5 minutos\" \/>\n<script type=\"application\/ld+json\" class=\"yoast-schema-graph\">{\"@context\":\"https:\\\/\\\/schema.org\",\"@graph\":[{\"@type\":\"Article\",\"@id\":\"https:\\\/\\\/www.maiaimpact.org\\\/es\\\/bloging-es\\\/la-vision-de-las-jovenes-mujeres-para-el-futuro\\\/#article\",\"isPartOf\":{\"@id\":\"https:\\\/\\\/www.maiaimpact.org\\\/es\\\/bloging-es\\\/la-vision-de-las-jovenes-mujeres-para-el-futuro\\\/\"},\"author\":{\"name\":\"web-maiaadmin\",\"@id\":\"https:\\\/\\\/www.maiaimpact.org\\\/es\\\/#\\\/schema\\\/person\\\/2da10f84ea303f9b067e44ed6d9ac16e\"},\"headline\":\"La visi\u00f3n de las j\u00f3venes mujeres para el futuro\",\"datePublished\":\"2024-10-08T19:28:07+00:00\",\"dateModified\":\"2024-10-17T16:19:58+00:00\",\"mainEntityOfPage\":{\"@id\":\"https:\\\/\\\/www.maiaimpact.org\\\/es\\\/bloging-es\\\/la-vision-de-las-jovenes-mujeres-para-el-futuro\\\/\"},\"wordCount\":1088,\"publisher\":{\"@id\":\"https:\\\/\\\/www.maiaimpact.org\\\/es\\\/#organization\"},\"image\":{\"@id\":\"https:\\\/\\\/www.maiaimpact.org\\\/es\\\/bloging-es\\\/la-vision-de-las-jovenes-mujeres-para-el-futuro\\\/#primaryimage\"},\"thumbnailUrl\":\"https:\\\/\\\/www.maiaimpact.org\\\/wp-content\\\/uploads\\\/2024\\\/10\\\/IDG-Blog-Banner-Oct.-24-1.png\",\"keywords\":[\"D\u00eda Internacional de la Ni\u00f1a\",\"empoderadas para empoderar\",\"J\u00f3venes Ind\u00edgenas\",\"J\u00f3venes Pioneras\",\"MAIA\"],\"articleSection\":[\"Blog\"],\"inLanguage\":\"es\"},{\"@type\":\"WebPage\",\"@id\":\"https:\\\/\\\/www.maiaimpact.org\\\/es\\\/bloging-es\\\/la-vision-de-las-jovenes-mujeres-para-el-futuro\\\/\",\"url\":\"https:\\\/\\\/www.maiaimpact.org\\\/es\\\/bloging-es\\\/la-vision-de-las-jovenes-mujeres-para-el-futuro\\\/\",\"name\":\"La visi\u00f3n de las j\u00f3venes mujeres para el futuro - MAIA\",\"isPartOf\":{\"@id\":\"https:\\\/\\\/www.maiaimpact.org\\\/es\\\/#website\"},\"primaryImageOfPage\":{\"@id\":\"https:\\\/\\\/www.maiaimpact.org\\\/es\\\/bloging-es\\\/la-vision-de-las-jovenes-mujeres-para-el-futuro\\\/#primaryimage\"},\"image\":{\"@id\":\"https:\\\/\\\/www.maiaimpact.org\\\/es\\\/bloging-es\\\/la-vision-de-las-jovenes-mujeres-para-el-futuro\\\/#primaryimage\"},\"thumbnailUrl\":\"https:\\\/\\\/www.maiaimpact.org\\\/wp-content\\\/uploads\\\/2024\\\/10\\\/IDG-Blog-Banner-Oct.-24-1.png\",\"datePublished\":\"2024-10-08T19:28:07+00:00\",\"dateModified\":\"2024-10-17T16:19:58+00:00\",\"inLanguage\":\"es\",\"potentialAction\":[{\"@type\":\"ReadAction\",\"target\":[\"https:\\\/\\\/www.maiaimpact.org\\\/es\\\/bloging-es\\\/la-vision-de-las-jovenes-mujeres-para-el-futuro\\\/\"]}]},{\"@type\":\"ImageObject\",\"inLanguage\":\"es\",\"@id\":\"https:\\\/\\\/www.maiaimpact.org\\\/es\\\/bloging-es\\\/la-vision-de-las-jovenes-mujeres-para-el-futuro\\\/#primaryimage\",\"url\":\"https:\\\/\\\/www.maiaimpact.org\\\/wp-content\\\/uploads\\\/2024\\\/10\\\/IDG-Blog-Banner-Oct.-24-1.png\",\"contentUrl\":\"https:\\\/\\\/www.maiaimpact.org\\\/wp-content\\\/uploads\\\/2024\\\/10\\\/IDG-Blog-Banner-Oct.-24-1.png\",\"width\":2240,\"height\":1260,\"caption\":\"Three vertical portraits of MAIA Girl Pioneers, each confidently smiling. They represent the strength, leadership,\"},{\"@type\":\"WebSite\",\"@id\":\"https:\\\/\\\/www.maiaimpact.org\\\/es\\\/#website\",\"url\":\"https:\\\/\\\/www.maiaimpact.org\\\/es\\\/\",\"name\":\"MAIA\",\"description\":\"MAIA is a nonprofit organization empowering Indigenous girls in Guatemala through education, leadership, and community development programs.\",\"publisher\":{\"@id\":\"https:\\\/\\\/www.maiaimpact.org\\\/es\\\/#organization\"},\"potentialAction\":[{\"@type\":\"SearchAction\",\"target\":{\"@type\":\"EntryPoint\",\"urlTemplate\":\"https:\\\/\\\/www.maiaimpact.org\\\/es\\\/?s={search_term_string}\"},\"query-input\":{\"@type\":\"PropertyValueSpecification\",\"valueRequired\":true,\"valueName\":\"search_term_string\"}}],\"inLanguage\":\"es\"},{\"@type\":\"Organization\",\"@id\":\"https:\\\/\\\/www.maiaimpact.org\\\/es\\\/#organization\",\"name\":\"MAIA\",\"url\":\"https:\\\/\\\/www.maiaimpact.org\\\/es\\\/\",\"logo\":{\"@type\":\"ImageObject\",\"inLanguage\":\"es\",\"@id\":\"https:\\\/\\\/www.maiaimpact.org\\\/es\\\/#\\\/schema\\\/logo\\\/image\\\/\",\"url\":\"https:\\\/\\\/www.maiaimpact.org\\\/wp-content\\\/uploads\\\/2023\\\/10\\\/maia-logo.png\",\"contentUrl\":\"https:\\\/\\\/www.maiaimpact.org\\\/wp-content\\\/uploads\\\/2023\\\/10\\\/maia-logo.png\",\"width\":128,\"height\":45,\"caption\":\"MAIA\"},\"image\":{\"@id\":\"https:\\\/\\\/www.maiaimpact.org\\\/es\\\/#\\\/schema\\\/logo\\\/image\\\/\"},\"sameAs\":[\"https:\\\/\\\/www.facebook.com\\\/maiaimpact\",\"https:\\\/\\\/www.instagram.com\\\/maia_impact\\\/\",\"https:\\\/\\\/www.youtube.com\\\/@maiaimpact\",\"https:\\\/\\\/www.linkedin.com\\\/company\\\/maiaimpact\\\/\"]},{\"@type\":\"Person\",\"@id\":\"https:\\\/\\\/www.maiaimpact.org\\\/es\\\/#\\\/schema\\\/person\\\/2da10f84ea303f9b067e44ed6d9ac16e\",\"name\":\"web-maiaadmin\",\"sameAs\":[\"https:\\\/\\\/www.maiaimpact.org\"],\"url\":\"https:\\\/\\\/www.maiaimpact.org\\\/es\\\/author\\\/web-maiaadmin\\\/\"}]}<\/script>\n<!-- \/ Yoast SEO plugin. -->","yoast_head_json":{"title":"La visi\u00f3n de las j\u00f3venes mujeres para el futuro - MAIA","robots":{"index":"index","follow":"follow","max-snippet":"max-snippet:-1","max-image-preview":"max-image-preview:large","max-video-preview":"max-video-preview:-1"},"canonical":"https:\/\/www.maiaimpact.org\/es\/bloging-es\/la-vision-de-las-jovenes-mujeres-para-el-futuro\/","og_locale":"es_ES","og_type":"article","og_title":"La visi\u00f3n de las j\u00f3venes mujeres para el futuro - MAIA","og_description":"Hoy, 11 de octubre, nos unimos a la conmemoraci\u00f3n del D\u00eda Internacional de la Ni\u00f1a, reconociendo su potencial y sus sue\u00f1os en todas partes. Este a\u00f1o, el tema es \"La visi\u00f3n de las j\u00f3venes mujeres para el futuro\", que destaca los grandes sue\u00f1os y metas que est\u00e1n construyendo para ellas mismas, sus comunidades y el mundo.","og_url":"https:\/\/www.maiaimpact.org\/es\/bloging-es\/la-vision-de-las-jovenes-mujeres-para-el-futuro\/","og_site_name":"MAIA","article_publisher":"https:\/\/www.facebook.com\/maiaimpact","article_published_time":"2024-10-08T19:28:07+00:00","article_modified_time":"2024-10-17T16:19:58+00:00","og_image":[{"width":1024,"height":576,"url":"https:\/\/www.maiaimpact.org\/wp-content\/uploads\/2024\/10\/IDG-Blog-Banner-Oct.-24-1-1024x576.png","type":"image\/png"}],"author":"web-maiaadmin","twitter_card":"summary_large_image","twitter_misc":{"Escrito por":"web-maiaadmin","Tiempo de lectura":"5 minutos"},"schema":{"@context":"https:\/\/schema.org","@graph":[{"@type":"Article","@id":"https:\/\/www.maiaimpact.org\/es\/bloging-es\/la-vision-de-las-jovenes-mujeres-para-el-futuro\/#article","isPartOf":{"@id":"https:\/\/www.maiaimpact.org\/es\/bloging-es\/la-vision-de-las-jovenes-mujeres-para-el-futuro\/"},"author":{"name":"web-maiaadmin","@id":"https:\/\/www.maiaimpact.org\/es\/#\/schema\/person\/2da10f84ea303f9b067e44ed6d9ac16e"},"headline":"La visi\u00f3n de las j\u00f3venes mujeres para el futuro","datePublished":"2024-10-08T19:28:07+00:00","dateModified":"2024-10-17T16:19:58+00:00","mainEntityOfPage":{"@id":"https:\/\/www.maiaimpact.org\/es\/bloging-es\/la-vision-de-las-jovenes-mujeres-para-el-futuro\/"},"wordCount":1088,"publisher":{"@id":"https:\/\/www.maiaimpact.org\/es\/#organization"},"image":{"@id":"https:\/\/www.maiaimpact.org\/es\/bloging-es\/la-vision-de-las-jovenes-mujeres-para-el-futuro\/#primaryimage"},"thumbnailUrl":"https:\/\/www.maiaimpact.org\/wp-content\/uploads\/2024\/10\/IDG-Blog-Banner-Oct.-24-1.png","keywords":["D\u00eda Internacional de la Ni\u00f1a","empoderadas para empoderar","J\u00f3venes Ind\u00edgenas","J\u00f3venes Pioneras","MAIA"],"articleSection":["Blog"],"inLanguage":"es"},{"@type":"WebPage","@id":"https:\/\/www.maiaimpact.org\/es\/bloging-es\/la-vision-de-las-jovenes-mujeres-para-el-futuro\/","url":"https:\/\/www.maiaimpact.org\/es\/bloging-es\/la-vision-de-las-jovenes-mujeres-para-el-futuro\/","name":"La visi\u00f3n de las j\u00f3venes mujeres para el futuro - MAIA","isPartOf":{"@id":"https:\/\/www.maiaimpact.org\/es\/#website"},"primaryImageOfPage":{"@id":"https:\/\/www.maiaimpact.org\/es\/bloging-es\/la-vision-de-las-jovenes-mujeres-para-el-futuro\/#primaryimage"},"image":{"@id":"https:\/\/www.maiaimpact.org\/es\/bloging-es\/la-vision-de-las-jovenes-mujeres-para-el-futuro\/#primaryimage"},"thumbnailUrl":"https:\/\/www.maiaimpact.org\/wp-content\/uploads\/2024\/10\/IDG-Blog-Banner-Oct.-24-1.png","datePublished":"2024-10-08T19:28:07+00:00","dateModified":"2024-10-17T16:19:58+00:00","inLanguage":"es","potentialAction":[{"@type":"ReadAction","target":["https:\/\/www.maiaimpact.org\/es\/bloging-es\/la-vision-de-las-jovenes-mujeres-para-el-futuro\/"]}]},{"@type":"ImageObject","inLanguage":"es","@id":"https:\/\/www.maiaimpact.org\/es\/bloging-es\/la-vision-de-las-jovenes-mujeres-para-el-futuro\/#primaryimage","url":"https:\/\/www.maiaimpact.org\/wp-content\/uploads\/2024\/10\/IDG-Blog-Banner-Oct.-24-1.png","contentUrl":"https:\/\/www.maiaimpact.org\/wp-content\/uploads\/2024\/10\/IDG-Blog-Banner-Oct.-24-1.png","width":2240,"height":1260,"caption":"Three vertical portraits of MAIA Girl Pioneers, each confidently smiling. They represent the strength, leadership,"},{"@type":"WebSite","@id":"https:\/\/www.maiaimpact.org\/es\/#website","url":"https:\/\/www.maiaimpact.org\/es\/","name":"MAIA","description":"MAIA is a nonprofit organization empowering Indigenous girls in Guatemala through education, leadership, and community development programs.","publisher":{"@id":"https:\/\/www.maiaimpact.org\/es\/#organization"},"potentialAction":[{"@type":"SearchAction","target":{"@type":"EntryPoint","urlTemplate":"https:\/\/www.maiaimpact.org\/es\/?s={search_term_string}"},"query-input":{"@type":"PropertyValueSpecification","valueRequired":true,"valueName":"search_term_string"}}],"inLanguage":"es"},{"@type":"Organization","@id":"https:\/\/www.maiaimpact.org\/es\/#organization","name":"MAIA","url":"https:\/\/www.maiaimpact.org\/es\/","logo":{"@type":"ImageObject","inLanguage":"es","@id":"https:\/\/www.maiaimpact.org\/es\/#\/schema\/logo\/image\/","url":"https:\/\/www.maiaimpact.org\/wp-content\/uploads\/2023\/10\/maia-logo.png","contentUrl":"https:\/\/www.maiaimpact.org\/wp-content\/uploads\/2023\/10\/maia-logo.png","width":128,"height":45,"caption":"MAIA"},"image":{"@id":"https:\/\/www.maiaimpact.org\/es\/#\/schema\/logo\/image\/"},"sameAs":["https:\/\/www.facebook.com\/maiaimpact","https:\/\/www.instagram.com\/maia_impact\/","https:\/\/www.youtube.com\/@maiaimpact","https:\/\/www.linkedin.com\/company\/maiaimpact\/"]},{"@type":"Person","@id":"https:\/\/www.maiaimpact.org\/es\/#\/schema\/person\/2da10f84ea303f9b067e44ed6d9ac16e","name":"web-maiaadmin","sameAs":["https:\/\/www.maiaimpact.org"],"url":"https:\/\/www.maiaimpact.org\/es\/author\/web-maiaadmin\/"}]}},"_links":{"self":[{"href":"https:\/\/www.maiaimpact.org\/es\/wp-json\/wp\/v2\/posts\/6752","targetHints":{"allow":["GET"]}}],"collection":[{"href":"https:\/\/www.maiaimpact.org\/es\/wp-json\/wp\/v2\/posts"}],"about":[{"href":"https:\/\/www.maiaimpact.org\/es\/wp-json\/wp\/v2\/types\/post"}],"author":[{"embeddable":true,"href":"https:\/\/www.maiaimpact.org\/es\/wp-json\/wp\/v2\/users\/1"}],"replies":[{"embeddable":true,"href":"https:\/\/www.maiaimpact.org\/es\/wp-json\/wp\/v2\/comments?post=6752"}],"version-history":[{"count":13,"href":"https:\/\/www.maiaimpact.org\/es\/wp-json\/wp\/v2\/posts\/6752\/revisions"}],"predecessor-version":[{"id":6841,"href":"https:\/\/www.maiaimpact.org\/es\/wp-json\/wp\/v2\/posts\/6752\/revisions\/6841"}],"wp:featuredmedia":[{"embeddable":true,"href":"https:\/\/www.maiaimpact.org\/es\/wp-json\/wp\/v2\/media\/6747"}],"wp:attachment":[{"href":"https:\/\/www.maiaimpact.org\/es\/wp-json\/wp\/v2\/media?parent=6752"}],"wp:term":[{"taxonomy":"category","embeddable":true,"href":"https:\/\/www.maiaimpact.org\/es\/wp-json\/wp\/v2\/categories?post=6752"},{"taxonomy":"post_tag","embeddable":true,"href":"https:\/\/www.maiaimpact.org\/es\/wp-json\/wp\/v2\/tags?post=6752"}],"curies":[{"name":"wp","href":"https:\/\/api.w.org\/{rel}","templated":true}]}}